{"id":11453,"date":"2011-11-07T00:00:10","date_gmt":"2011-11-07T02:00:10","guid":{"rendered":"http:\/\/www.adf.org.br\/home\/?p=11453"},"modified":"2011-11-07T00:00:10","modified_gmt":"2011-11-07T02:00:10","slug":"oratorio-da-medalha-milagrosa-intencoes-da-semana-07-a-13-de-novembro","status":"publish","type":"post","link":"https:\/\/www.adf.org.br\/home\/oratorio-da-medalha-milagrosa-intencoes-da-semana-07-a-13-de-novembro\/","title":{"rendered":"Orat\u00f3rio da Medalha Milagrosa: Inten\u00e7\u00f5es da semana &#8211; 07 a 13 de novembro"},"content":{"rendered":"<p style=\"text-align: center;\"><span style=\"font-size: medium;\"><span style=\"color: #800080;\"><span style=\"font-family: comic sans ms,sans-serif;\"><strong>O Orat\u00f3rio da Medalha Milagrosa est\u00e1 em festa.<\/strong><\/span><\/span><\/span><\/p>\n<p>J\u00e1 ultrapassamos mais de <strong><span style=\"font-size: xx-large;\"><span style=\"color: #0000ff;\">1 milh\u00e3o<\/span><\/span><\/strong> de velas acesas! <a rel=\"attachment wp-att-11458\" href=\"http:\/\/www.adf.org.br\/home\/2011\/11\/oratorio-da-medalha-milagrosa-intencoes-da-semana-07-a-13-de-novembro\/velas_1-16\/\"><img loading=\"lazy\" class=\"alignright size-full wp-image-11458\" title=\"velas_1\" src=\"http:\/\/www.adf.org.br\/home\/wp-content\/uploads\/2011\/11\/velas_1.gif\" alt=\"\" width=\"61\" height=\"121\" \/><\/a><\/p>\n<p>Isso mesmo, <strong>s\u00e3o mais de 1 milh\u00e3o de pedidos feitos \u00e0 Nossa Senhora<\/strong>, para que interceda junto a Jesus por todas as inten\u00e7\u00f5es de seus devotos, que confiam na M\u00e3e Sant\u00edssima e acreditam de todo cora\u00e7\u00e3o em Sua porderosa intercess\u00e3o.<\/p>\n<p><a href=\"http:\/\/oratoriodamedalhamilagrosa.org.br\/home\/?origem=72\" target=\"_blank\" rel=\"noopener noreferrer\">Acenda agora uma vela virtual no Orat\u00f3rio da Medalha Milagrosa<\/a>, uma gra\u00e7a est\u00e1 reservada para voc\u00ea por interm\u00e9dio de Maria Sant\u00edssima.<\/p>\n<p><span style=\"color: #0000ff;\"><span style=\"font-size: x-large;\"><strong><a rel=\"attachment wp-att-10923\" href=\"http:\/\/www.adf.org.br\/home\/2011\/10\/10916\/miracolo-193x300-71\/\"><img loading=\"lazy\" class=\"alignleft size-full wp-image-10923\" title=\"Nossa Senhora das Gra\u00e7as\" src=\"http:\/\/www.adf.org.br\/home\/wp-content\/uploads\/2011\/10\/miracolo-193x300.jpg\" alt=\"\" width=\"193\" height=\"300\" \/><\/a>S<\/strong><\/span><\/span>\u00e3o as seguintes as inten\u00e7\u00f5es das ora\u00e7\u00f5es feitas pela <a href=\"http:\/\/oratoriodamedalhamilagrosa.org.br\/home\/acenda-sua-vela-30\/?origem=72\" target=\"_blank\" rel=\"noopener noreferrer\">Comunidade do Orat\u00f3rio da Medalha Milagrosa<\/a> e pelos Orantes nesta semana:<\/p>\n<p><span style=\"font-size: medium;\"><span style=\"color: #0000ff;\"><strong>1) Por todos os pedidos <\/strong><\/span><\/span>feitos                       pelas pessoas  cujas  velas est\u00e3o  acesas no   Orat\u00f3rio    da           Medalha           Milagrosa e que estejam de    acordo com a       vontade   de       Nossa    Senhora;<\/p>\n<p><span style=\"font-size: medium;\"><strong><span style=\"color: #0000ff;\">2) Por nossos Benfeitores, <\/span><\/strong><\/span>para que Nossa Senhora os recompense ao c\u00eantuplo pelo apoio que d\u00e3o ao nosso apostolado;<\/p>\n<p><strong> <span style=\"font-size: medium;\"><span style=\"color: #0000ff;\">3) Pelas almas do purgat\u00f3rio.<\/span><\/span> <\/strong>O m\u00eas de novembro \u00e9 dedicado \u00e0s s\u00faplicas pelas almas do purgat\u00f3rio. N\u00e3o se esque\u00e7a de incluir o nome de seus entes queridos j\u00e1 falecidos em suas ora\u00e7\u00f5es;<\/p>\n<p><span style=\"font-size: medium;\"><span style=\"color: #0000ff;\"><strong>4 ) Pelos enfermos.<\/strong><\/span><\/span><a href=\"..\/..\/vela-da-saude\/?origem=72\" target=\"_blank\" rel=\"noopener noreferrer\"> Acenda aqui<\/a> a Vela da Sa\u00fade a Nossa Senhora de Lourdes;<\/p>\n<p><span style=\"color: #0000ff;\"><span style=\"font-size: medium;\"><strong>5) Pelo estabelecimento no mundo da devo\u00e7\u00e3o ao Imaculado Cora\u00e7\u00e3o de Maria;<\/strong><\/span><\/span><\/p>\n<p><strong> <\/strong><\/p>\n<p><strong>Nossa Senhora das Gra\u00e7as, rogai por n\u00f3s!<\/strong><\/p>\n<p><a href=\"http:\/\/feedburner.google.com\/fb\/a\/mailverify?uri=devotosdefatima\" target=\"_blank\" rel=\"noopener noreferrer\">Cadastre aqui<\/a> seu e-mail para receber estas inten\u00e7\u00f5es\u00a0atualizadas todas as semanas e                          participar das ora\u00e7\u00f5es\u00a0(\u00e9 preciso validar o   pedido    de          cadastro          clicando   no link que   enviaremos para   seu     e-mail).<\/p>\n<p>Aqueles que quiserem incluir seus nomes e inten\u00e7\u00f5es especiais nas                          Missas que ser\u00e3o celebradas nesse per\u00edodo,\u00a0poder\u00e3o        faz\u00ea-lo         ligando      para<strong> 0800 773 1119<\/strong><strong> <\/strong>e ligue para<strong> <\/strong><strong>4368-2253<\/strong> se estiver em S\u00e3o Paulo.<\/p>\n","protected":false},"excerpt":{"rendered":"<p>O Orat\u00f3rio da Medalha Milagrosa est\u00e1 em festa. J\u00e1 ultrapassamos mais de 1 milh\u00e3o de velas acesas! Isso mesmo, s\u00e3o mais de 1 milh\u00e3o de pedidos feitos \u00e0 Nossa Senhora, para que interceda junto a Jesus por todas as inten\u00e7\u00f5es de seus devotos, que confiam na M\u00e3e Sant\u00edssima e acreditam de todo cora\u00e7\u00e3o em Sua [&hellip;]<\/p>\n","protected":false},"author":31,"featured_media":0,"comment_status":"open","ping_status":"open","sticky":false,"template":"","format":"standard","meta":[],"categories":[60],"tags":[61],"yoast_head":"<!-- This site is optimized with the Yoast SEO plugin v17.4 - https:\/\/yoast.com\/wordpress\/plugins\/seo\/ -->\n<title>Orat\u00f3rio da Medalha Milagrosa: Inten\u00e7\u00f5es da semana - 07 a 13 de novembro - Associa\u00e7\u00e3o Devotos de F\u00e1tima<\/title>\n<meta name=\"robots\" content=\"index, follow, max-snippet:-1, max-image-preview:large, max-video-preview:-1\" \/>\n<link rel=\"canonical\" href=\"https:\/\/www.adf.org.br\/home\/oratorio-da-medalha-milagrosa-intencoes-da-semana-07-a-13-de-novembro\/\" \/>\n<meta property=\"og:locale\" content=\"pt_BR\" \/>\n<meta property=\"og:type\" content=\"article\" \/>\n<meta property=\"og:title\" content=\"Orat\u00f3rio da Medalha Milagrosa: Inten\u00e7\u00f5es da semana - 07 a 13 de novembro - Associa\u00e7\u00e3o Devotos de F\u00e1tima\" \/>\n<meta property=\"og:description\" content=\"O Orat\u00f3rio da Medalha Milagrosa est\u00e1 em festa. J\u00e1 ultrapassamos mais de 1 milh\u00e3o de velas acesas! Isso mesmo, s\u00e3o mais de 1 milh\u00e3o de pedidos feitos \u00e0 Nossa Senhora, para que interceda junto a Jesus por todas as inten\u00e7\u00f5es de seus devotos, que confiam na M\u00e3e Sant\u00edssima e acreditam de todo cora\u00e7\u00e3o em Sua [&hellip;]\" \/>\n<meta property=\"og:url\" content=\"https:\/\/www.adf.org.br\/home\/oratorio-da-medalha-milagrosa-intencoes-da-semana-07-a-13-de-novembro\/\" \/>\n<meta property=\"og:site_name\" content=\"Associa\u00e7\u00e3o Devotos de F\u00e1tima\" \/>\n<meta property=\"article:published_time\" content=\"2011-11-07T02:00:10+00:00\" \/>\n<meta property=\"og:image\" content=\"http:\/\/www.adf.org.br\/home\/wp-content\/uploads\/2011\/11\/velas_1.gif\" \/>\n<meta name=\"twitter:card\" content=\"summary_large_image\" \/>\n<meta name=\"twitter:label1\" content=\"Escrito por\" \/>\n\t<meta name=\"twitter:data1\" content=\"Gabriel Barbosa\" \/>\n\t<meta name=\"twitter:label2\" content=\"Est. tempo de leitura\" \/>\n\t<meta name=\"twitter:data2\" content=\"2 minutos\" \/>\n<script type=\"application\/ld+json\" class=\"yoast-schema-graph\">{\"@context\":\"https:\/\/schema.org\",\"@graph\":[{\"@type\":\"WebSite\",\"@id\":\"https:\/\/www.adf.org.br\/home\/#website\",\"url\":\"https:\/\/www.adf.org.br\/home\/\",\"name\":\"Associa\\u00e7\\u00e3o Devotos de F\\u00e1tima\",\"description\":\"Associa\\u00e7\\u00e3o Devotos de F\\u00e1tima\",\"potentialAction\":[{\"@type\":\"SearchAction\",\"target\":{\"@type\":\"EntryPoint\",\"urlTemplate\":\"https:\/\/www.adf.org.br\/home\/?s={search_term_string}\"},\"query-input\":\"required name=search_term_string\"}],\"inLanguage\":\"pt-BR\"},{\"@type\":\"ImageObject\",\"@id\":\"https:\/\/www.adf.org.br\/home\/oratorio-da-medalha-milagrosa-intencoes-da-semana-07-a-13-de-novembro\/#primaryimage\",\"inLanguage\":\"pt-BR\",\"url\":\"http:\/\/www.adf.org.br\/home\/wp-content\/uploads\/2011\/11\/velas_1.gif\",\"contentUrl\":\"http:\/\/www.adf.org.br\/home\/wp-content\/uploads\/2011\/11\/velas_1.gif\"},{\"@type\":\"WebPage\",\"@id\":\"https:\/\/www.adf.org.br\/home\/oratorio-da-medalha-milagrosa-intencoes-da-semana-07-a-13-de-novembro\/#webpage\",\"url\":\"https:\/\/www.adf.org.br\/home\/oratorio-da-medalha-milagrosa-intencoes-da-semana-07-a-13-de-novembro\/\",\"name\":\"Orat\\u00f3rio da Medalha Milagrosa: Inten\\u00e7\\u00f5es da semana - 07 a 13 de novembro - Associa\\u00e7\\u00e3o Devotos de F\\u00e1tima\",\"isPartOf\":{\"@id\":\"https:\/\/www.adf.org.br\/home\/#website\"},\"primaryImageOfPage\":{\"@id\":\"https:\/\/www.adf.org.br\/home\/oratorio-da-medalha-milagrosa-intencoes-da-semana-07-a-13-de-novembro\/#primaryimage\"},\"datePublished\":\"2011-11-07T02:00:10+00:00\",\"dateModified\":\"2011-11-07T02:00:10+00:00\",\"author\":{\"@id\":\"https:\/\/www.adf.org.br\/home\/#\/schema\/person\/f35a5c5aa7728a3dedf4ea9aa1fc2753\"},\"breadcrumb\":{\"@id\":\"https:\/\/www.adf.org.br\/home\/oratorio-da-medalha-milagrosa-intencoes-da-semana-07-a-13-de-novembro\/#breadcrumb\"},\"inLanguage\":\"pt-BR\",\"potentialAction\":[{\"@type\":\"ReadAction\",\"target\":[\"https:\/\/www.adf.org.br\/home\/oratorio-da-medalha-milagrosa-intencoes-da-semana-07-a-13-de-novembro\/\"]}]},{\"@type\":\"BreadcrumbList\",\"@id\":\"https:\/\/www.adf.org.br\/home\/oratorio-da-medalha-milagrosa-intencoes-da-semana-07-a-13-de-novembro\/#breadcrumb\",\"itemListElement\":[{\"@type\":\"ListItem\",\"position\":1,\"name\":\"Home\",\"item\":\"https:\/\/www.adf.org.br\/home\/\"},{\"@type\":\"ListItem\",\"position\":2,\"name\":\"Orat\\u00f3rio da Medalha Milagrosa: Inten\\u00e7\\u00f5es da semana &#8211; 07 a 13 de novembro\"}]},{\"@type\":\"Person\",\"@id\":\"https:\/\/www.adf.org.br\/home\/#\/schema\/person\/f35a5c5aa7728a3dedf4ea9aa1fc2753\",\"name\":\"Gabriel Barbosa\",\"image\":{\"@type\":\"ImageObject\",\"@id\":\"https:\/\/www.adf.org.br\/home\/#personlogo\",\"inLanguage\":\"pt-BR\",\"url\":\"https:\/\/secure.gravatar.com\/avatar\/2b2cb2f4637682c5605e8d36818f51ef?s=96&d=mm&r=g\",\"contentUrl\":\"https:\/\/secure.gravatar.com\/avatar\/2b2cb2f4637682c5605e8d36818f51ef?s=96&d=mm&r=g\",\"caption\":\"Gabriel Barbosa\"},\"url\":\"https:\/\/www.adf.org.br\/home\/author\/gabrielpmk-com-br\/\"}]}<\/script>\n<!-- \/ Yoast SEO plugin. -->","yoast_head_json":{"title":"Orat\u00f3rio da Medalha Milagrosa: Inten\u00e7\u00f5es da semana - 07 a 13 de novembro - Associa\u00e7\u00e3o Devotos de F\u00e1tima","robots":{"index":"index","follow":"follow","max-snippet":"max-snippet:-1","max-image-preview":"max-image-preview:large","max-video-preview":"max-video-preview:-1"},"canonical":"https:\/\/www.adf.org.br\/home\/oratorio-da-medalha-milagrosa-intencoes-da-semana-07-a-13-de-novembro\/","og_locale":"pt_BR","og_type":"article","og_title":"Orat\u00f3rio da Medalha Milagrosa: Inten\u00e7\u00f5es da semana - 07 a 13 de novembro - Associa\u00e7\u00e3o Devotos de F\u00e1tima","og_description":"O Orat\u00f3rio da Medalha Milagrosa est\u00e1 em festa. J\u00e1 ultrapassamos mais de 1 milh\u00e3o de velas acesas! Isso mesmo, s\u00e3o mais de 1 milh\u00e3o de pedidos feitos \u00e0 Nossa Senhora, para que interceda junto a Jesus por todas as inten\u00e7\u00f5es de seus devotos, que confiam na M\u00e3e Sant\u00edssima e acreditam de todo cora\u00e7\u00e3o em Sua [&hellip;]","og_url":"https:\/\/www.adf.org.br\/home\/oratorio-da-medalha-milagrosa-intencoes-da-semana-07-a-13-de-novembro\/","og_site_name":"Associa\u00e7\u00e3o Devotos de F\u00e1tima","article_published_time":"2011-11-07T02:00:10+00:00","og_image":[{"url":"http:\/\/www.adf.org.br\/home\/wp-content\/uploads\/2011\/11\/velas_1.gif"}],"twitter_card":"summary_large_image","twitter_misc":{"Escrito por":"Gabriel Barbosa","Est. tempo de leitura":"2 minutos"},"schema":{"@context":"https:\/\/schema.org","@graph":[{"@type":"WebSite","@id":"https:\/\/www.adf.org.br\/home\/#website","url":"https:\/\/www.adf.org.br\/home\/","name":"Associa\u00e7\u00e3o Devotos de F\u00e1tima","description":"Associa\u00e7\u00e3o Devotos de F\u00e1tima","potentialAction":[{"@type":"SearchAction","target":{"@type":"EntryPoint","urlTemplate":"https:\/\/www.adf.org.br\/home\/?s={search_term_string}"},"query-input":"required name=search_term_string"}],"inLanguage":"pt-BR"},{"@type":"ImageObject","@id":"https:\/\/www.adf.org.br\/home\/oratorio-da-medalha-milagrosa-intencoes-da-semana-07-a-13-de-novembro\/#primaryimage","inLanguage":"pt-BR","url":"http:\/\/www.adf.org.br\/home\/wp-content\/uploads\/2011\/11\/velas_1.gif","contentUrl":"http:\/\/www.adf.org.br\/home\/wp-content\/uploads\/2011\/11\/velas_1.gif"},{"@type":"WebPage","@id":"https:\/\/www.adf.org.br\/home\/oratorio-da-medalha-milagrosa-intencoes-da-semana-07-a-13-de-novembro\/#webpage","url":"https:\/\/www.adf.org.br\/home\/oratorio-da-medalha-milagrosa-intencoes-da-semana-07-a-13-de-novembro\/","name":"Orat\u00f3rio da Medalha Milagrosa: Inten\u00e7\u00f5es da semana - 07 a 13 de novembro - Associa\u00e7\u00e3o Devotos de F\u00e1tima","isPartOf":{"@id":"https:\/\/www.adf.org.br\/home\/#website"},"primaryImageOfPage":{"@id":"https:\/\/www.adf.org.br\/home\/oratorio-da-medalha-milagrosa-intencoes-da-semana-07-a-13-de-novembro\/#primaryimage"},"datePublished":"2011-11-07T02:00:10+00:00","dateModified":"2011-11-07T02:00:10+00:00","author":{"@id":"https:\/\/www.adf.org.br\/home\/#\/schema\/person\/f35a5c5aa7728a3dedf4ea9aa1fc2753"},"breadcrumb":{"@id":"https:\/\/www.adf.org.br\/home\/oratorio-da-medalha-milagrosa-intencoes-da-semana-07-a-13-de-novembro\/#breadcrumb"},"inLanguage":"pt-BR","potentialAction":[{"@type":"ReadAction","target":["https:\/\/www.adf.org.br\/home\/oratorio-da-medalha-milagrosa-intencoes-da-semana-07-a-13-de-novembro\/"]}]},{"@type":"BreadcrumbList","@id":"https:\/\/www.adf.org.br\/home\/oratorio-da-medalha-milagrosa-intencoes-da-semana-07-a-13-de-novembro\/#breadcrumb","itemListElement":[{"@type":"ListItem","position":1,"name":"Home","item":"https:\/\/www.adf.org.br\/home\/"},{"@type":"ListItem","position":2,"name":"Orat\u00f3rio da Medalha Milagrosa: Inten\u00e7\u00f5es da semana &#8211; 07 a 13 de novembro"}]},{"@type":"Person","@id":"https:\/\/www.adf.org.br\/home\/#\/schema\/person\/f35a5c5aa7728a3dedf4ea9aa1fc2753","name":"Gabriel Barbosa","image":{"@type":"ImageObject","@id":"https:\/\/www.adf.org.br\/home\/#personlogo","inLanguage":"pt-BR","url":"https:\/\/secure.gravatar.com\/avatar\/2b2cb2f4637682c5605e8d36818f51ef?s=96&d=mm&r=g","contentUrl":"https:\/\/secure.gravatar.com\/avatar\/2b2cb2f4637682c5605e8d36818f51ef?s=96&d=mm&r=g","caption":"Gabriel Barbosa"},"url":"https:\/\/www.adf.org.br\/home\/author\/gabrielpmk-com-br\/"}]}},"_links":{"self":[{"href":"https:\/\/www.adf.org.br\/home\/wp-json\/wp\/v2\/posts\/11453"}],"collection":[{"href":"https:\/\/www.adf.org.br\/home\/wp-json\/wp\/v2\/posts"}],"about":[{"href":"https:\/\/www.adf.org.br\/home\/wp-json\/wp\/v2\/types\/post"}],"author":[{"embeddable":true,"href":"https:\/\/www.adf.org.br\/home\/wp-json\/wp\/v2\/users\/31"}],"replies":[{"embeddable":true,"href":"https:\/\/www.adf.org.br\/home\/wp-json\/wp\/v2\/comments?post=11453"}],"version-history":[{"count":0,"href":"https:\/\/www.adf.org.br\/home\/wp-json\/wp\/v2\/posts\/11453\/revisions"}],"wp:attachment":[{"href":"https:\/\/www.adf.org.br\/home\/wp-json\/wp\/v2\/media?parent=11453"}],"wp:term":[{"taxonomy":"category","embeddable":true,"href":"https:\/\/www.adf.org.br\/home\/wp-json\/wp\/v2\/categories?post=11453"},{"taxonomy":"post_tag","embeddable":true,"href":"https:\/\/www.adf.org.br\/home\/wp-json\/wp\/v2\/tags?post=11453"}],"curies":[{"name":"wp","href":"https:\/\/api.w.org\/{rel}","templated":true}]}}