{"id":1135,"date":"2009-11-27T00:05:00","date_gmt":"2009-11-27T02:05:00","guid":{"rendered":"http:\/\/www.adf.org.br\/home\/?p=1135"},"modified":"2009-11-27T00:05:00","modified_gmt":"2009-11-27T02:05:00","slug":"27-de-novembro-festa-da-medalha-milagrosa","status":"publish","type":"post","link":"https:\/\/www.adf.org.br\/home\/27-de-novembro-festa-da-medalha-milagrosa\/","title":{"rendered":"27 de Novembro &#8211; Festa da Medalha Milagrosa de Nossa Senhora das Gra\u00e7as"},"content":{"rendered":"<div id=\"previewbody\" style=\"DISPLAY: block\"><img loading=\"lazy\" class=\"aligncenter size-full wp-image-1129\" title=\"medalha_com_santa\" src=\"http:\/\/www.adf.org.br\/home\/wp-content\/uploads\/2009\/11\/medalha_com_santa.jpg\" alt=\"medalha_com_santa\" width=\"200\" height=\"275\" \/><\/div>\n<div style=\"DISPLAY: block\">No dia 27 de novembro, a Igreja comemora a festa da <a href=\"http:\/\/maismedalhas.blogspot.com\/\" target=\"_blank\" rel=\"noopener noreferrer\"><span style=\"FONT-WEIGHT: bold; COLOR: #000099\">Medalha Milagrosa de Nossa Senhora das Gra\u00e7as<\/span><\/a>.<\/div>\n<p>Infelizmente, muitas pessoas N\u00c3O conhecem a Medalha Milagrosa, e os imensos benef\u00edcios que podemos alcan\u00e7ar de Deus atrav\u00e9s dela.<\/p>\n<p>N\u00e3o sabem, tamb\u00e9m, que esta devo\u00e7\u00e3o \u00e9 uma arma eficac\u00edssima nos momentos mais dif\u00edceis.<\/p>\n<p>Voc\u00ea conhece a hist\u00f3ria da Medalha Milagrosa? <span style=\"COLOR: #990000\">Conhece a sua eficaz prote\u00e7\u00e3o para aqueles que confiam nela, que confiam em Nossa Senhora? <\/span><\/p>\n<p>Ent\u00e3o, leia o relato a seguir, e voc\u00ea tamb\u00e9m vai concordar que essa medalha \u00e9 milagrosa mesmo, como muitas outras pessoas tiveram a oportunidade de experimentar em suas vidas.<br \/>\n<!--more--><br \/>\n<img loading=\"lazy\" class=\"alignright size-full wp-image-1137\" title=\"festamedalha_milagrosa\" src=\"http:\/\/www.adf.org.br\/home\/wp-content\/uploads\/2009\/11\/festamedalha_milagrosa.jpg\" alt=\"festamedalha_milagrosa\" width=\"285\" height=\"285\" srcset=\"https:\/\/www.adf.org.br\/home\/wp-content\/uploads\/2009\/11\/festamedalha_milagrosa.jpg 285w, https:\/\/www.adf.org.br\/home\/wp-content\/uploads\/2009\/11\/festamedalha_milagrosa-150x150.jpg 150w\" sizes=\"(max-width: 285px) 100vw, 285px\" \/>No ano de 1830, Nossa Senhora apareceu a Santa Catarina Labour\u00e9, piedosa freira, na cidade de Paris, na Fran\u00e7a.<\/p>\n<p>Em sua segunda apari\u00e7\u00e3o, a Virgem Maria ordenou:<\/p>\n<p>\u201c<span style=\"COLOR: #990000\">Fazei cunhar uma medalha com este modelo<\/span>\u201d.<\/p>\n<p>E a seguir, a Santa M\u00e3e de Deus fez esta impressionante promessa:<\/p>\n<p>\u201c<span style=\"COLOR: #990000\">Todas as pessoas que a usarem receber\u00e3o grandes gra\u00e7as, trazendo-a ao pesco\u00e7o. As gra\u00e7as ser\u00e3o abundantes para as pessoas que a usarem com confian\u00e7a<\/span>\u201d.<\/p>\n<p>E Nossa Senhora n\u00e3o demorou para cumprir a promessa&#8230;<\/p>\n<p>Com efeito, em mar\u00e7o de 1832, quando as medalhas iam ser cunhadas, uma terr\u00edvel epidemia de c\u00f3lera atingia violentamente a cidade de Paris.<\/p>\n<p>A cada dia que passava, o n\u00famero de mortos aumentava mais e mais, devastando progressivamente a popula\u00e7\u00e3o de Paris.<\/p>\n<p>Durante todo o per\u00edodo da epidemia, faleceram, segundo os dados oficiais, 18.400 pessoas. Mas, pode-se acreditar que esse n\u00famero fosse ainda maior, pois as estat\u00edsticas oficiais e as da imprensa, diminu\u00edram os n\u00fameros, para evitar que o desespero da popula\u00e7\u00e3o aumentasse.<\/p>\n<p><span style=\"COLOR: #990000\">Foi em meio a esse p\u00e2nico geral, que a Medalha veio a ser uma s\u00f3lida fonte de esperan\u00e7a<\/span>.<\/p>\n<p>No dia 30 de junho, as religiosas Filhas da Caridade come\u00e7aram a distribuir as primeiras 1.500 medalhas, aos flagelados pela epidemia de c\u00f3lera.<\/p>\n<p>Na mesma hora, a peste retrocedeu, e come\u00e7aram os prod\u00edgios em s\u00e9rie, que, <span style=\"COLOR: #990000\">em poucos anos, tornariam a <a href=\"http:\/\/maismedalhas.blogspot.com\/\" target=\"_blank\" rel=\"noopener noreferrer\"><span style=\"FONT-WEIGHT: bold; COLOR: #000099\">Medalha Milagrosa<\/span><\/a> c\u00e9lebre em todo o mundo<\/span>.<\/p>\n<p>O Arcebispo de Paris, que autorizara a cunhagem da Medalha, alcan\u00e7ou imediatamente uma gra\u00e7a extraordin\u00e1ria por meio dela, e passou a ser entusiasta propagandista e protetor da nova devo\u00e7\u00e3o.<\/p>\n<p>Tamb\u00e9m <span style=\"COLOR: #990000\">o Papa Greg\u00f3rio XVI, recebeu um lote de medalhas, e passou a distribu\u00ed-las a pessoas que o visitavam<\/span>.<\/p>\n<p><span style=\"COLOR: #990000\">At\u00e9 1836, mais de 15 milh\u00f5es de medalhas tinham sido cunhadas e distribu\u00eddas, no mundo inteiro<\/span>. Em 1842, essa cifra atingia a casa dos<span style=\"COLOR: #990000\"> 100 milh\u00f5es<\/span>.<\/p>\n<p>Dos mais remotos pa\u00edses chegavam relatos de gra\u00e7as extraordin\u00e1rias alcan\u00e7adas por meio da Medalha: <span style=\"COLOR: #990000\">curas, convers\u00f5es, prote\u00e7\u00e3o contra perigos iminentes&#8230;<\/span><\/p>\n<p><img loading=\"lazy\" class=\"alignright size-full wp-image-1027\" title=\"NOVENA_03\" src=\"http:\/\/www.adf.org.br\/home\/wp-content\/uploads\/2009\/11\/NOVENA_03.jpg\" alt=\"NOVENA_03\" width=\"248\" height=\"369\" \/>Um fato de grande import\u00e2ncia, e que contribuiu para a espantosa propaga\u00e7\u00e3o da Medalha Milagrosa, foi a convers\u00e3o espetacular do judeu <span style=\"COLOR: #990000\">Afonso Ratisbonne<\/span>, em janeiro de 1842.<\/p>\n<p>Ratisbonne era um jovem banqueiro da cidade de Estraburgo. <span style=\"COLOR: #990000\">Ele nutria, dentro si, intensos preconceitos e antipatias contra a Igreja Cat\u00f3lica<\/span>.<\/p>\n<p>Certo dia, quando estava viajando por Roma, <span style=\"COLOR: #990000\">aceitou, meio a contragosto, uma Medalha Milagrosa que lhe ofereceu um nobre franc\u00eas<\/span>.<\/p>\n<p>Poucos dias depois, de forma inesperada e milagrosa, a Virgem lhe apareceu na Igreja de Sant&#8217;Andrea delle Fratte e, com um gesto firme, indicou que era para ele se ajoelhar diante dEla. <span style=\"COLOR: #990000\">Em poucos segundos, o antigo inimigo da Igreja transformou-se em ardoroso ap\u00f3stolo<\/span>.<\/p>\n<p>Mais tarde fundou, juntamente com seu irm\u00e3o, o Padre Teodoro Ratisbonne, a Congrega\u00e7\u00e3o dos Mission\u00e1rios de Nossa Senhora de Sion, dedicada \u00e0 convers\u00e3o dos judeus.<\/p>\n<p>Em 1876, morre Santa Catarina Labour\u00e9. A miss\u00e3o que lhe tinha confiado a M\u00e3e de Deus, estava cumprida. Mais de um bilh\u00e3o de Medalhas Milagrosas, j\u00e1 espalhavam gra\u00e7as pelo mundo inteiro.<\/p>\n<p><span style=\"COLOR: #990000\">Em 1894, a Santa Igreja instituiu a festa lit\u00fargica de Nossa Senhora da<\/span> <a style=\"FONT-WEIGHT: bold\" href=\"http:\/\/maismedalhas.blogspot.com\/\" target=\"_blank\" rel=\"noopener noreferrer\">Medalha Milagrosa<\/a>, a ser celebrada no dia <span style=\"FONT-WEIGHT: bold\">27 de novembro<\/span>.<\/p>\n<p>\u00c9 bom considerarmos que, para os devotos de F\u00e1tima, a Medalha Milagrosa tem um significado muito especial, pois as apari\u00e7\u00f5es de Nossa Senhora a Santa Catarina Labour\u00e9, em 1830, <span style=\"COLOR: #990000\">marcaram o in\u00edcio de um ciclo de grandes revela\u00e7\u00f5es marianas<\/span>.<\/p>\n<p><span style=\"FONT-WEIGHT: bold\">Esse ciclo come\u00e7ou em 1830, com a <a href=\"http:\/\/maismedalhas.blogspot.com\/\" target=\"_blank\" rel=\"noopener noreferrer\"><span style=\"COLOR: #000099\">Medalha Milagrosa<\/span><\/a>; prosseguiu em La Salette, no ano de 1846; depois em Lourdes, em 1858, e culminou em F\u00e1tima, em 1917<\/span>.<\/p>\n<div style=\"TEXT-ALIGN: center\"><a href=\"http:\/\/maismedalhas.blogspot.com\/\" target=\"_blank\" rel=\"noopener noreferrer\"><\/a><\/div>\n<p>Desde 1830, Nossa Senhora se manifestou deplorando os pecados do mundo, oferecendo perd\u00e3o e miseric\u00f3rdia \u00e0 humanidade pecadora, e prevendo severos castigos, caso n\u00e3o se convertesse.<\/p>\n<p>Em novembro de 1876, um m\u00eas antes de sua morte, Santa Catarina Labour\u00e9 afirmou:<\/p>\n<p>\u201cVir\u00e3o grandes cat\u00e1strofes&#8230;. o sangue jorrar\u00e1 nas ruas. Por um momento, crer-se-\u00e1 tudo perdido. <span style=\"COLOR: #990000\">Mas tudo ser\u00e1 ganho<\/span>. A Sant\u00edssima Virgem \u00e9 quem nos salvar\u00e1. Sim, quando esta Virgem, oferecendo o mundo ao Padre Eterno, for honrada,seremos salvose teremos a paz&#8221;.<\/p>\n<p><img loading=\"lazy\" class=\"aligncenter size-full wp-image-985\" title=\"banner_medalha_milagrosa\" src=\"http:\/\/www.adf.org.br\/home\/wp-content\/uploads\/2009\/11\/banner_medalha_milagrosa1.gif\" alt=\"banner_medalha_milagrosa\" width=\"400\" height=\"146\" \/><\/p>\n<p>Quarenta e um anos depois, em 13 de julho de 1917, Nossa Senhora prometeu formalmente em F\u00e1tima: \u201c<span style=\"COLOR: #990000\">Por fim,o Meu Imaculado Cora\u00e7\u00e3o triunfar\u00e1<\/span>&#8220;.<\/p>\n<p>Portanto, cada um de n\u00f3s, precisa esperar muito confiante nessa promessa&#8230;<\/p>\n<p>Usemos, ent\u00e3o, a Medalha Milagrosa ao pesco\u00e7o. \u00c9 t\u00e3o simples&#8230; <a href=\"http:\/\/maismedalhas.blogspot.com\/\" target=\"_blank\" rel=\"noopener noreferrer\"><span style=\"FONT-WEIGHT: bold; COLOR: #000099\">veja aqui como voc\u00ea pode receber a sua e extender essa devo\u00e7\u00e3o \u00e0s pessoas pela qual tem maior apre\u00e7o<\/span><\/a>.<\/p>\n<p>N\u00f3s vamos ficar surpresos diante dos benef\u00edcios que Nossa Senhora nos conceder\u00e1 por esse interm\u00e9dio.<\/p>\n<p>Benef\u00edcios simples, e cotidianos.<\/p>\n<p>Mas tamb\u00e9m poder\u00e1 ser que tenhamos surpresas maiores, <span style=\"COLOR: #990000\">obtendo, para n\u00f3s mesmos ou para outras pessoas, gra\u00e7as muito especiais, que tantas vezes s\u00e3o particularmente necess\u00e1rias ao longo de nossa vida<\/span>.<\/p>\n<p>Quantas vezes j\u00e1 ouvimos a invoca\u00e7\u00e3o: \u201cNossa Senhora das Gra\u00e7as, rogai por n\u00f3s!\u201d. \u00c9 s\u00f3 repeti-la com freq\u00fc\u00eancia. <span style=\"COLOR: #990000\">Nunca nos arrependeremos de faz\u00ea-lo<\/span>.<\/p>\n<p>Muito pelo contr\u00e1rio, iremos percebendo como isso nos faz bem, e <span style=\"COLOR: #990000\">como iremos aumentando essa coisa t\u00e3o extraordin\u00e1ria<\/span>: <span style=\"FONT-WEIGHT: bold\">a devo\u00e7\u00e3o a Nossa Senhora<\/span>.<\/p>\n<p>Cat\u00f3licos por todo o Brasil j\u00e1 pediram e est\u00e3o sob prote\u00e7\u00e3o da Medalha Milagrosa. Se voc\u00ea j\u00e1 \u00e9 uma delas, <span style=\"COLOR: #990000\">pe\u00e7a mais Medalhas e fa\u00e7a chegar esta devo\u00e7\u00e3o \u00e0 toda sua fam\u00edlia e amigos<\/span>.<\/p>\n<p><a href=\"http:\/\/maismedalhas.blogspot.com\/\" target=\"_blank\" rel=\"noopener noreferrer\"><span style=\"FONT-WEIGHT: bold; COLOR: #000099\">Se ainda n\u00e3o tem, voc\u00ea pode receber na sua casa. Veja como<\/span><\/a>.<\/p>\n<p><span style=\"COLOR: #ffffff\">&#8211;<\/span><\/p>\n","protected":false},"excerpt":{"rendered":"<p>No dia 27 de novembro, a Igreja comemora a festa da Medalha Milagrosa de Nossa Senhora das Gra\u00e7as. Infelizmente, muitas pessoas N\u00c3O conhecem a Medalha Milagrosa, e os imensos benef\u00edcios que podemos alcan\u00e7ar de Deus atrav\u00e9s dela. N\u00e3o sabem, tamb\u00e9m, que esta devo\u00e7\u00e3o \u00e9 uma arma eficac\u00edssima nos momentos mais dif\u00edceis. Voc\u00ea conhece a hist\u00f3ria [&hellip;]<\/p>\n","protected":false},"author":27,"featured_media":0,"comment_status":"open","ping_status":"open","sticky":false,"template":"","format":"standard","meta":[],"categories":[20],"tags":[],"yoast_head":"<!-- This site is optimized with the Yoast SEO plugin v17.4 - https:\/\/yoast.com\/wordpress\/plugins\/seo\/ -->\n<title>27 de Novembro - Festa da Medalha Milagrosa de Nossa Senhora das Gra\u00e7as - Associa\u00e7\u00e3o Devotos de F\u00e1tima<\/title>\n<meta name=\"robots\" content=\"index, follow, max-snippet:-1, max-image-preview:large, max-video-preview:-1\" \/>\n<link rel=\"canonical\" href=\"https:\/\/www.adf.org.br\/home\/27-de-novembro-festa-da-medalha-milagrosa\/\" \/>\n<meta property=\"og:locale\" content=\"pt_BR\" \/>\n<meta property=\"og:type\" content=\"article\" \/>\n<meta property=\"og:title\" content=\"27 de Novembro - Festa da Medalha Milagrosa de Nossa Senhora das Gra\u00e7as - Associa\u00e7\u00e3o Devotos de F\u00e1tima\" \/>\n<meta property=\"og:description\" content=\"No dia 27 de novembro, a Igreja comemora a festa da Medalha Milagrosa de Nossa Senhora das Gra\u00e7as. Infelizmente, muitas pessoas N\u00c3O conhecem a Medalha Milagrosa, e os imensos benef\u00edcios que podemos alcan\u00e7ar de Deus atrav\u00e9s dela. N\u00e3o sabem, tamb\u00e9m, que esta devo\u00e7\u00e3o \u00e9 uma arma eficac\u00edssima nos momentos mais dif\u00edceis. Voc\u00ea conhece a hist\u00f3ria [&hellip;]\" \/>\n<meta property=\"og:url\" content=\"https:\/\/www.adf.org.br\/home\/27-de-novembro-festa-da-medalha-milagrosa\/\" \/>\n<meta property=\"og:site_name\" content=\"Associa\u00e7\u00e3o Devotos de F\u00e1tima\" \/>\n<meta property=\"article:published_time\" content=\"2009-11-27T02:05:00+00:00\" \/>\n<meta property=\"og:image\" content=\"http:\/\/www.adf.org.br\/home\/wp-content\/uploads\/2009\/11\/medalha_com_santa.jpg\" \/>\n<meta name=\"twitter:card\" content=\"summary_large_image\" \/>\n<meta name=\"twitter:label1\" content=\"Escrito por\" \/>\n\t<meta name=\"twitter:data1\" content=\"Gabriel Barbosa\" \/>\n\t<meta name=\"twitter:label2\" content=\"Est. tempo de leitura\" \/>\n\t<meta name=\"twitter:data2\" content=\"5 minutos\" \/>\n<script type=\"application\/ld+json\" class=\"yoast-schema-graph\">{\"@context\":\"https:\/\/schema.org\",\"@graph\":[{\"@type\":\"WebSite\",\"@id\":\"https:\/\/www.adf.org.br\/home\/#website\",\"url\":\"https:\/\/www.adf.org.br\/home\/\",\"name\":\"Associa\\u00e7\\u00e3o Devotos de F\\u00e1tima\",\"description\":\"Associa\\u00e7\\u00e3o Devotos de F\\u00e1tima\",\"potentialAction\":[{\"@type\":\"SearchAction\",\"target\":{\"@type\":\"EntryPoint\",\"urlTemplate\":\"https:\/\/www.adf.org.br\/home\/?s={search_term_string}\"},\"query-input\":\"required name=search_term_string\"}],\"inLanguage\":\"pt-BR\"},{\"@type\":\"ImageObject\",\"@id\":\"https:\/\/www.adf.org.br\/home\/27-de-novembro-festa-da-medalha-milagrosa\/#primaryimage\",\"inLanguage\":\"pt-BR\",\"url\":\"http:\/\/www.adf.org.br\/home\/wp-content\/uploads\/2009\/11\/medalha_com_santa.jpg\",\"contentUrl\":\"http:\/\/www.adf.org.br\/home\/wp-content\/uploads\/2009\/11\/medalha_com_santa.jpg\"},{\"@type\":\"WebPage\",\"@id\":\"https:\/\/www.adf.org.br\/home\/27-de-novembro-festa-da-medalha-milagrosa\/#webpage\",\"url\":\"https:\/\/www.adf.org.br\/home\/27-de-novembro-festa-da-medalha-milagrosa\/\",\"name\":\"27 de Novembro - Festa da Medalha Milagrosa de Nossa Senhora das Gra\\u00e7as - Associa\\u00e7\\u00e3o Devotos de F\\u00e1tima\",\"isPartOf\":{\"@id\":\"https:\/\/www.adf.org.br\/home\/#website\"},\"primaryImageOfPage\":{\"@id\":\"https:\/\/www.adf.org.br\/home\/27-de-novembro-festa-da-medalha-milagrosa\/#primaryimage\"},\"datePublished\":\"2009-11-27T02:05:00+00:00\",\"dateModified\":\"2009-11-27T02:05:00+00:00\",\"author\":{\"@id\":\"https:\/\/www.adf.org.br\/home\/#\/schema\/person\/affa494ecf91434f3620f5392de44327\"},\"breadcrumb\":{\"@id\":\"https:\/\/www.adf.org.br\/home\/27-de-novembro-festa-da-medalha-milagrosa\/#breadcrumb\"},\"inLanguage\":\"pt-BR\",\"potentialAction\":[{\"@type\":\"ReadAction\",\"target\":[\"https:\/\/www.adf.org.br\/home\/27-de-novembro-festa-da-medalha-milagrosa\/\"]}]},{\"@type\":\"BreadcrumbList\",\"@id\":\"https:\/\/www.adf.org.br\/home\/27-de-novembro-festa-da-medalha-milagrosa\/#breadcrumb\",\"itemListElement\":[{\"@type\":\"ListItem\",\"position\":1,\"name\":\"Home\",\"item\":\"https:\/\/www.adf.org.br\/home\/\"},{\"@type\":\"ListItem\",\"position\":2,\"name\":\"27 de Novembro &#8211; Festa da Medalha Milagrosa de Nossa Senhora das Gra\\u00e7as\"}]},{\"@type\":\"Person\",\"@id\":\"https:\/\/www.adf.org.br\/home\/#\/schema\/person\/affa494ecf91434f3620f5392de44327\",\"name\":\"Gabriel Barbosa\",\"image\":{\"@type\":\"ImageObject\",\"@id\":\"https:\/\/www.adf.org.br\/home\/#personlogo\",\"inLanguage\":\"pt-BR\",\"url\":\"https:\/\/secure.gravatar.com\/avatar\/ecf2eab02e30486a7038f8b2858de06a?s=96&d=mm&r=g\",\"contentUrl\":\"https:\/\/secure.gravatar.com\/avatar\/ecf2eab02e30486a7038f8b2858de06a?s=96&d=mm&r=g\",\"caption\":\"Gabriel Barbosa\"},\"url\":\"https:\/\/www.adf.org.br\/home\/author\/gabriel-aascj\/\"}]}<\/script>\n<!-- \/ Yoast SEO plugin. -->","yoast_head_json":{"title":"27 de Novembro - Festa da Medalha Milagrosa de Nossa Senhora das Gra\u00e7as - Associa\u00e7\u00e3o Devotos de F\u00e1tima","robots":{"index":"index","follow":"follow","max-snippet":"max-snippet:-1","max-image-preview":"max-image-preview:large","max-video-preview":"max-video-preview:-1"},"canonical":"https:\/\/www.adf.org.br\/home\/27-de-novembro-festa-da-medalha-milagrosa\/","og_locale":"pt_BR","og_type":"article","og_title":"27 de Novembro - Festa da Medalha Milagrosa de Nossa Senhora das Gra\u00e7as - Associa\u00e7\u00e3o Devotos de F\u00e1tima","og_description":"No dia 27 de novembro, a Igreja comemora a festa da Medalha Milagrosa de Nossa Senhora das Gra\u00e7as. Infelizmente, muitas pessoas N\u00c3O conhecem a Medalha Milagrosa, e os imensos benef\u00edcios que podemos alcan\u00e7ar de Deus atrav\u00e9s dela. N\u00e3o sabem, tamb\u00e9m, que esta devo\u00e7\u00e3o \u00e9 uma arma eficac\u00edssima nos momentos mais dif\u00edceis. Voc\u00ea conhece a hist\u00f3ria [&hellip;]","og_url":"https:\/\/www.adf.org.br\/home\/27-de-novembro-festa-da-medalha-milagrosa\/","og_site_name":"Associa\u00e7\u00e3o Devotos de F\u00e1tima","article_published_time":"2009-11-27T02:05:00+00:00","og_image":[{"url":"http:\/\/www.adf.org.br\/home\/wp-content\/uploads\/2009\/11\/medalha_com_santa.jpg"}],"twitter_card":"summary_large_image","twitter_misc":{"Escrito por":"Gabriel Barbosa","Est. tempo de leitura":"5 minutos"},"schema":{"@context":"https:\/\/schema.org","@graph":[{"@type":"WebSite","@id":"https:\/\/www.adf.org.br\/home\/#website","url":"https:\/\/www.adf.org.br\/home\/","name":"Associa\u00e7\u00e3o Devotos de F\u00e1tima","description":"Associa\u00e7\u00e3o Devotos de F\u00e1tima","potentialAction":[{"@type":"SearchAction","target":{"@type":"EntryPoint","urlTemplate":"https:\/\/www.adf.org.br\/home\/?s={search_term_string}"},"query-input":"required name=search_term_string"}],"inLanguage":"pt-BR"},{"@type":"ImageObject","@id":"https:\/\/www.adf.org.br\/home\/27-de-novembro-festa-da-medalha-milagrosa\/#primaryimage","inLanguage":"pt-BR","url":"http:\/\/www.adf.org.br\/home\/wp-content\/uploads\/2009\/11\/medalha_com_santa.jpg","contentUrl":"http:\/\/www.adf.org.br\/home\/wp-content\/uploads\/2009\/11\/medalha_com_santa.jpg"},{"@type":"WebPage","@id":"https:\/\/www.adf.org.br\/home\/27-de-novembro-festa-da-medalha-milagrosa\/#webpage","url":"https:\/\/www.adf.org.br\/home\/27-de-novembro-festa-da-medalha-milagrosa\/","name":"27 de Novembro - Festa da Medalha Milagrosa de Nossa Senhora das Gra\u00e7as - Associa\u00e7\u00e3o Devotos de F\u00e1tima","isPartOf":{"@id":"https:\/\/www.adf.org.br\/home\/#website"},"primaryImageOfPage":{"@id":"https:\/\/www.adf.org.br\/home\/27-de-novembro-festa-da-medalha-milagrosa\/#primaryimage"},"datePublished":"2009-11-27T02:05:00+00:00","dateModified":"2009-11-27T02:05:00+00:00","author":{"@id":"https:\/\/www.adf.org.br\/home\/#\/schema\/person\/affa494ecf91434f3620f5392de44327"},"breadcrumb":{"@id":"https:\/\/www.adf.org.br\/home\/27-de-novembro-festa-da-medalha-milagrosa\/#breadcrumb"},"inLanguage":"pt-BR","potentialAction":[{"@type":"ReadAction","target":["https:\/\/www.adf.org.br\/home\/27-de-novembro-festa-da-medalha-milagrosa\/"]}]},{"@type":"BreadcrumbList","@id":"https:\/\/www.adf.org.br\/home\/27-de-novembro-festa-da-medalha-milagrosa\/#breadcrumb","itemListElement":[{"@type":"ListItem","position":1,"name":"Home","item":"https:\/\/www.adf.org.br\/home\/"},{"@type":"ListItem","position":2,"name":"27 de Novembro &#8211; Festa da Medalha Milagrosa de Nossa Senhora das Gra\u00e7as"}]},{"@type":"Person","@id":"https:\/\/www.adf.org.br\/home\/#\/schema\/person\/affa494ecf91434f3620f5392de44327","name":"Gabriel Barbosa","image":{"@type":"ImageObject","@id":"https:\/\/www.adf.org.br\/home\/#personlogo","inLanguage":"pt-BR","url":"https:\/\/secure.gravatar.com\/avatar\/ecf2eab02e30486a7038f8b2858de06a?s=96&d=mm&r=g","contentUrl":"https:\/\/secure.gravatar.com\/avatar\/ecf2eab02e30486a7038f8b2858de06a?s=96&d=mm&r=g","caption":"Gabriel Barbosa"},"url":"https:\/\/www.adf.org.br\/home\/author\/gabriel-aascj\/"}]}},"_links":{"self":[{"href":"https:\/\/www.adf.org.br\/home\/wp-json\/wp\/v2\/posts\/1135"}],"collection":[{"href":"https:\/\/www.adf.org.br\/home\/wp-json\/wp\/v2\/posts"}],"about":[{"href":"https:\/\/www.adf.org.br\/home\/wp-json\/wp\/v2\/types\/post"}],"author":[{"embeddable":true,"href":"https:\/\/www.adf.org.br\/home\/wp-json\/wp\/v2\/users\/27"}],"replies":[{"embeddable":true,"href":"https:\/\/www.adf.org.br\/home\/wp-json\/wp\/v2\/comments?post=1135"}],"version-history":[{"count":0,"href":"https:\/\/www.adf.org.br\/home\/wp-json\/wp\/v2\/posts\/1135\/revisions"}],"wp:attachment":[{"href":"https:\/\/www.adf.org.br\/home\/wp-json\/wp\/v2\/media?parent=1135"}],"wp:term":[{"taxonomy":"category","embeddable":true,"href":"https:\/\/www.adf.org.br\/home\/wp-json\/wp\/v2\/categories?post=1135"},{"taxonomy":"post_tag","embeddable":true,"href":"https:\/\/www.adf.org.br\/home\/wp-json\/wp\/v2\/tags?post=1135"}],"curies":[{"name":"wp","href":"https:\/\/api.w.org\/{rel}","templated":true}]}}