{"id":11328,"date":"2011-10-31T00:00:59","date_gmt":"2011-10-31T02:00:59","guid":{"rendered":"http:\/\/www.adf.org.br\/home\/?p=11328"},"modified":"2011-10-31T00:00:59","modified_gmt":"2011-10-31T02:00:59","slug":"nao-apenas-chore-pelos-mortos-tambem-reze-por-eles","status":"publish","type":"post","link":"https:\/\/www.adf.org.br\/home\/nao-apenas-chore-pelos-mortos-tambem-reze-por-eles\/","title":{"rendered":"N\u00e3o apenas chore pelos mortos, tamb\u00e9m reze por eles!"},"content":{"rendered":"<p style=\"text-align: center;\"><span style=\"color: #993300;\"><span style=\"font-family: book antiqua,palatino;\"><span style=\"font-size: large;\">A ora\u00e7\u00e3o pelos mortos<\/span><\/span><\/span><\/p>\n<p style=\"padding-left: 30px;\"><span style=\"color: #993300;\"><em>Saudade e ora\u00e7\u00e3o<\/em><\/span><\/p>\n<p><a rel=\"attachment wp-att-11332\" href=\"http:\/\/www.adf.org.br\/home\/2011\/10\/nao-apenas-chore-pelos-mortos-tambem-reze-por-eles\/finados_out3_adf_topo-3\/\"><img loading=\"lazy\" class=\"aligncenter size-full wp-image-11332\" title=\"Missa pelos falecidos\" src=\"http:\/\/www.adf.org.br\/home\/wp-content\/uploads\/2011\/10\/finados_out3_adf_topo2.jpg\" alt=\"\" width=\"600\" height=\"230\" \/><\/a>N\u00e3o julguemos que lembrar nossos mortos \u00e9 ter apenas deles uma saudade que aos poucos vai decrescendo em intensidade, \u00e0 medida que passam os anos. Chorar nossos mortos e perpetuar-lhes a lembran\u00e7a no m\u00e1rmore, na tela, no livro \u00e9 permitido, sim. Por\u00e9m, n\u00e3o fiquemos s\u00f3 nisto. Juntemos \u00e0 saudade a ora\u00e7\u00e3o. N\u00e3o basta chorar, precisamos orar. E nunca se precisa tanto de ora\u00e7\u00f5es como depois da morte. No purgat\u00f3rio as pobres almas est\u00e3o como o paral\u00edtico da piscina que dizia a Jesus: &#8211; <strong><em>Hominem non habeo! Senhor eu n\u00e3o tenho um homem que me lance na piscina para ser curado.<\/em><\/strong><\/p>\n<p>Dependem aquelas almas santas de nossos sufr\u00e1gios, de nossas ora\u00e7\u00f5es e sacrif\u00edcios. Deus as entregou \u00e0 nossa caridade. Sempre \u00e9 eficaz a nossa ora\u00e7\u00e3o pelas almas.<\/p>\n<p><strong><em>\u201c\u00c9 infinitamente mais \u00fatil e eficaz a ora\u00e7\u00e3o pela liberta\u00e7\u00e3o dos defuntos que padecem no purgat\u00f3rio, que ora\u00e7\u00e3o pelos pecadores da terra, cuja perversidade e m\u00e1s disposi\u00e7\u00f5es paralisam os esfor\u00e7os para os salvar. As santas almas n\u00e3o p\u00f5em obst\u00e1culo algum \u00e0 efic\u00e1cia das ora\u00e7\u00f5es que por elas fazemos. \u201c <\/em><\/strong>Tal \u00e9 a opini\u00e3o do piedoso oratoriano <strong><em>P. Faber.<\/em><\/strong><\/p>\n<p>Juntemos \u00e0 nossa imensa saudade dos mortos nossos queridos, a ora\u00e7\u00e3o e sempre a ora\u00e7\u00e3o.<\/p>\n<p>Escreveu, o <strong><em>P. Sertillanges: \u201cA lembran\u00e7a dos mortos sem a ora\u00e7\u00e3o, \u00e9 uma lembran\u00e7a fria, um triste pensamento. \u00c9 uma explora\u00e7\u00e3o do nada. Por\u00e9m com a ora\u00e7\u00e3o, \u00e9 um vento que sopra em dire\u00e7\u00e3o a Deus, \u00e9 uma ascen\u00e7\u00e3o nas asas da esperan\u00e7a\u201d.<\/em><\/strong> (<em>Le probl\u00e9me de la pri\u00e8re. Revue de Jeunes<\/em> &#8211; Nov. 1915.)<\/p>\n<p>Oremos pelas almas benditas que padecem no purgat\u00f3rio! Demos-lhe a esmola de nossas preces fervorosas e da riqueza das indulg\u00eancias do tesouro da Igreja.<\/p>\n<p>Fonte: <em>Socorramos as pobres almas do purgat\u00f3rio &#8211; Mons. Asc\u00e2nio Brand\u00e3o<\/em><\/p>\n","protected":false},"excerpt":{"rendered":"<p>A ora\u00e7\u00e3o pelos mortos Saudade e ora\u00e7\u00e3o N\u00e3o julguemos que lembrar nossos mortos \u00e9 ter apenas deles uma saudade que aos poucos vai decrescendo em intensidade, \u00e0 medida que passam os anos. Chorar nossos mortos e perpetuar-lhes a lembran\u00e7a no m\u00e1rmore, na tela, no livro \u00e9 permitido, sim. Por\u00e9m, n\u00e3o fiquemos s\u00f3 nisto. Juntemos \u00e0 [&hellip;]<\/p>\n","protected":false},"author":31,"featured_media":0,"comment_status":"closed","ping_status":"open","sticky":false,"template":"","format":"standard","meta":[],"categories":[20],"tags":[1980],"yoast_head":"<!-- This site is optimized with the Yoast SEO plugin v17.4 - https:\/\/yoast.com\/wordpress\/plugins\/seo\/ -->\n<title>N\u00e3o apenas chore pelos mortos, tamb\u00e9m reze por eles! - Associa\u00e7\u00e3o Devotos de F\u00e1tima<\/title>\n<meta name=\"robots\" content=\"index, follow, max-snippet:-1, max-image-preview:large, max-video-preview:-1\" \/>\n<link rel=\"canonical\" href=\"https:\/\/www.adf.org.br\/home\/nao-apenas-chore-pelos-mortos-tambem-reze-por-eles\/\" \/>\n<meta property=\"og:locale\" content=\"pt_BR\" \/>\n<meta property=\"og:type\" content=\"article\" \/>\n<meta property=\"og:title\" content=\"N\u00e3o apenas chore pelos mortos, tamb\u00e9m reze por eles! - Associa\u00e7\u00e3o Devotos de F\u00e1tima\" \/>\n<meta property=\"og:description\" content=\"A ora\u00e7\u00e3o pelos mortos Saudade e ora\u00e7\u00e3o N\u00e3o julguemos que lembrar nossos mortos \u00e9 ter apenas deles uma saudade que aos poucos vai decrescendo em intensidade, \u00e0 medida que passam os anos. Chorar nossos mortos e perpetuar-lhes a lembran\u00e7a no m\u00e1rmore, na tela, no livro \u00e9 permitido, sim. Por\u00e9m, n\u00e3o fiquemos s\u00f3 nisto. Juntemos \u00e0 [&hellip;]\" \/>\n<meta property=\"og:url\" content=\"https:\/\/www.adf.org.br\/home\/nao-apenas-chore-pelos-mortos-tambem-reze-por-eles\/\" \/>\n<meta property=\"og:site_name\" content=\"Associa\u00e7\u00e3o Devotos de F\u00e1tima\" \/>\n<meta property=\"article:published_time\" content=\"2011-10-31T02:00:59+00:00\" \/>\n<meta property=\"og:image\" content=\"http:\/\/www.adf.org.br\/home\/wp-content\/uploads\/2011\/10\/finados_out3_adf_topo2.jpg\" \/>\n<meta name=\"twitter:card\" content=\"summary_large_image\" \/>\n<meta name=\"twitter:label1\" content=\"Escrito por\" \/>\n\t<meta name=\"twitter:data1\" content=\"Gabriel Barbosa\" \/>\n\t<meta name=\"twitter:label2\" content=\"Est. tempo de leitura\" \/>\n\t<meta name=\"twitter:data2\" content=\"2 minutos\" \/>\n<script type=\"application\/ld+json\" class=\"yoast-schema-graph\">{\"@context\":\"https:\/\/schema.org\",\"@graph\":[{\"@type\":\"WebSite\",\"@id\":\"https:\/\/www.adf.org.br\/home\/#website\",\"url\":\"https:\/\/www.adf.org.br\/home\/\",\"name\":\"Associa\\u00e7\\u00e3o Devotos de F\\u00e1tima\",\"description\":\"Associa\\u00e7\\u00e3o Devotos de F\\u00e1tima\",\"potentialAction\":[{\"@type\":\"SearchAction\",\"target\":{\"@type\":\"EntryPoint\",\"urlTemplate\":\"https:\/\/www.adf.org.br\/home\/?s={search_term_string}\"},\"query-input\":\"required name=search_term_string\"}],\"inLanguage\":\"pt-BR\"},{\"@type\":\"ImageObject\",\"@id\":\"https:\/\/www.adf.org.br\/home\/nao-apenas-chore-pelos-mortos-tambem-reze-por-eles\/#primaryimage\",\"inLanguage\":\"pt-BR\",\"url\":\"http:\/\/www.adf.org.br\/home\/wp-content\/uploads\/2011\/10\/finados_out3_adf_topo2.jpg\",\"contentUrl\":\"http:\/\/www.adf.org.br\/home\/wp-content\/uploads\/2011\/10\/finados_out3_adf_topo2.jpg\"},{\"@type\":\"WebPage\",\"@id\":\"https:\/\/www.adf.org.br\/home\/nao-apenas-chore-pelos-mortos-tambem-reze-por-eles\/#webpage\",\"url\":\"https:\/\/www.adf.org.br\/home\/nao-apenas-chore-pelos-mortos-tambem-reze-por-eles\/\",\"name\":\"N\\u00e3o apenas chore pelos mortos, tamb\\u00e9m reze por eles! - Associa\\u00e7\\u00e3o Devotos de F\\u00e1tima\",\"isPartOf\":{\"@id\":\"https:\/\/www.adf.org.br\/home\/#website\"},\"primaryImageOfPage\":{\"@id\":\"https:\/\/www.adf.org.br\/home\/nao-apenas-chore-pelos-mortos-tambem-reze-por-eles\/#primaryimage\"},\"datePublished\":\"2011-10-31T02:00:59+00:00\",\"dateModified\":\"2011-10-31T02:00:59+00:00\",\"author\":{\"@id\":\"https:\/\/www.adf.org.br\/home\/#\/schema\/person\/f35a5c5aa7728a3dedf4ea9aa1fc2753\"},\"breadcrumb\":{\"@id\":\"https:\/\/www.adf.org.br\/home\/nao-apenas-chore-pelos-mortos-tambem-reze-por-eles\/#breadcrumb\"},\"inLanguage\":\"pt-BR\",\"potentialAction\":[{\"@type\":\"ReadAction\",\"target\":[\"https:\/\/www.adf.org.br\/home\/nao-apenas-chore-pelos-mortos-tambem-reze-por-eles\/\"]}]},{\"@type\":\"BreadcrumbList\",\"@id\":\"https:\/\/www.adf.org.br\/home\/nao-apenas-chore-pelos-mortos-tambem-reze-por-eles\/#breadcrumb\",\"itemListElement\":[{\"@type\":\"ListItem\",\"position\":1,\"name\":\"Home\",\"item\":\"https:\/\/www.adf.org.br\/home\/\"},{\"@type\":\"ListItem\",\"position\":2,\"name\":\"N\\u00e3o apenas chore pelos mortos, tamb\\u00e9m reze por eles!\"}]},{\"@type\":\"Person\",\"@id\":\"https:\/\/www.adf.org.br\/home\/#\/schema\/person\/f35a5c5aa7728a3dedf4ea9aa1fc2753\",\"name\":\"Gabriel Barbosa\",\"image\":{\"@type\":\"ImageObject\",\"@id\":\"https:\/\/www.adf.org.br\/home\/#personlogo\",\"inLanguage\":\"pt-BR\",\"url\":\"https:\/\/secure.gravatar.com\/avatar\/2b2cb2f4637682c5605e8d36818f51ef?s=96&d=mm&r=g\",\"contentUrl\":\"https:\/\/secure.gravatar.com\/avatar\/2b2cb2f4637682c5605e8d36818f51ef?s=96&d=mm&r=g\",\"caption\":\"Gabriel Barbosa\"},\"url\":\"https:\/\/www.adf.org.br\/home\/author\/gabrielpmk-com-br\/\"}]}<\/script>\n<!-- \/ Yoast SEO plugin. -->","yoast_head_json":{"title":"N\u00e3o apenas chore pelos mortos, tamb\u00e9m reze por eles! - Associa\u00e7\u00e3o Devotos de F\u00e1tima","robots":{"index":"index","follow":"follow","max-snippet":"max-snippet:-1","max-image-preview":"max-image-preview:large","max-video-preview":"max-video-preview:-1"},"canonical":"https:\/\/www.adf.org.br\/home\/nao-apenas-chore-pelos-mortos-tambem-reze-por-eles\/","og_locale":"pt_BR","og_type":"article","og_title":"N\u00e3o apenas chore pelos mortos, tamb\u00e9m reze por eles! - Associa\u00e7\u00e3o Devotos de F\u00e1tima","og_description":"A ora\u00e7\u00e3o pelos mortos Saudade e ora\u00e7\u00e3o N\u00e3o julguemos que lembrar nossos mortos \u00e9 ter apenas deles uma saudade que aos poucos vai decrescendo em intensidade, \u00e0 medida que passam os anos. Chorar nossos mortos e perpetuar-lhes a lembran\u00e7a no m\u00e1rmore, na tela, no livro \u00e9 permitido, sim. Por\u00e9m, n\u00e3o fiquemos s\u00f3 nisto. Juntemos \u00e0 [&hellip;]","og_url":"https:\/\/www.adf.org.br\/home\/nao-apenas-chore-pelos-mortos-tambem-reze-por-eles\/","og_site_name":"Associa\u00e7\u00e3o Devotos de F\u00e1tima","article_published_time":"2011-10-31T02:00:59+00:00","og_image":[{"url":"http:\/\/www.adf.org.br\/home\/wp-content\/uploads\/2011\/10\/finados_out3_adf_topo2.jpg"}],"twitter_card":"summary_large_image","twitter_misc":{"Escrito por":"Gabriel Barbosa","Est. tempo de leitura":"2 minutos"},"schema":{"@context":"https:\/\/schema.org","@graph":[{"@type":"WebSite","@id":"https:\/\/www.adf.org.br\/home\/#website","url":"https:\/\/www.adf.org.br\/home\/","name":"Associa\u00e7\u00e3o Devotos de F\u00e1tima","description":"Associa\u00e7\u00e3o Devotos de F\u00e1tima","potentialAction":[{"@type":"SearchAction","target":{"@type":"EntryPoint","urlTemplate":"https:\/\/www.adf.org.br\/home\/?s={search_term_string}"},"query-input":"required name=search_term_string"}],"inLanguage":"pt-BR"},{"@type":"ImageObject","@id":"https:\/\/www.adf.org.br\/home\/nao-apenas-chore-pelos-mortos-tambem-reze-por-eles\/#primaryimage","inLanguage":"pt-BR","url":"http:\/\/www.adf.org.br\/home\/wp-content\/uploads\/2011\/10\/finados_out3_adf_topo2.jpg","contentUrl":"http:\/\/www.adf.org.br\/home\/wp-content\/uploads\/2011\/10\/finados_out3_adf_topo2.jpg"},{"@type":"WebPage","@id":"https:\/\/www.adf.org.br\/home\/nao-apenas-chore-pelos-mortos-tambem-reze-por-eles\/#webpage","url":"https:\/\/www.adf.org.br\/home\/nao-apenas-chore-pelos-mortos-tambem-reze-por-eles\/","name":"N\u00e3o apenas chore pelos mortos, tamb\u00e9m reze por eles! - Associa\u00e7\u00e3o Devotos de F\u00e1tima","isPartOf":{"@id":"https:\/\/www.adf.org.br\/home\/#website"},"primaryImageOfPage":{"@id":"https:\/\/www.adf.org.br\/home\/nao-apenas-chore-pelos-mortos-tambem-reze-por-eles\/#primaryimage"},"datePublished":"2011-10-31T02:00:59+00:00","dateModified":"2011-10-31T02:00:59+00:00","author":{"@id":"https:\/\/www.adf.org.br\/home\/#\/schema\/person\/f35a5c5aa7728a3dedf4ea9aa1fc2753"},"breadcrumb":{"@id":"https:\/\/www.adf.org.br\/home\/nao-apenas-chore-pelos-mortos-tambem-reze-por-eles\/#breadcrumb"},"inLanguage":"pt-BR","potentialAction":[{"@type":"ReadAction","target":["https:\/\/www.adf.org.br\/home\/nao-apenas-chore-pelos-mortos-tambem-reze-por-eles\/"]}]},{"@type":"BreadcrumbList","@id":"https:\/\/www.adf.org.br\/home\/nao-apenas-chore-pelos-mortos-tambem-reze-por-eles\/#breadcrumb","itemListElement":[{"@type":"ListItem","position":1,"name":"Home","item":"https:\/\/www.adf.org.br\/home\/"},{"@type":"ListItem","position":2,"name":"N\u00e3o apenas chore pelos mortos, tamb\u00e9m reze por eles!"}]},{"@type":"Person","@id":"https:\/\/www.adf.org.br\/home\/#\/schema\/person\/f35a5c5aa7728a3dedf4ea9aa1fc2753","name":"Gabriel Barbosa","image":{"@type":"ImageObject","@id":"https:\/\/www.adf.org.br\/home\/#personlogo","inLanguage":"pt-BR","url":"https:\/\/secure.gravatar.com\/avatar\/2b2cb2f4637682c5605e8d36818f51ef?s=96&d=mm&r=g","contentUrl":"https:\/\/secure.gravatar.com\/avatar\/2b2cb2f4637682c5605e8d36818f51ef?s=96&d=mm&r=g","caption":"Gabriel Barbosa"},"url":"https:\/\/www.adf.org.br\/home\/author\/gabrielpmk-com-br\/"}]}},"_links":{"self":[{"href":"https:\/\/www.adf.org.br\/home\/wp-json\/wp\/v2\/posts\/11328"}],"collection":[{"href":"https:\/\/www.adf.org.br\/home\/wp-json\/wp\/v2\/posts"}],"about":[{"href":"https:\/\/www.adf.org.br\/home\/wp-json\/wp\/v2\/types\/post"}],"author":[{"embeddable":true,"href":"https:\/\/www.adf.org.br\/home\/wp-json\/wp\/v2\/users\/31"}],"replies":[{"embeddable":true,"href":"https:\/\/www.adf.org.br\/home\/wp-json\/wp\/v2\/comments?post=11328"}],"version-history":[{"count":0,"href":"https:\/\/www.adf.org.br\/home\/wp-json\/wp\/v2\/posts\/11328\/revisions"}],"wp:attachment":[{"href":"https:\/\/www.adf.org.br\/home\/wp-json\/wp\/v2\/media?parent=11328"}],"wp:term":[{"taxonomy":"category","embeddable":true,"href":"https:\/\/www.adf.org.br\/home\/wp-json\/wp\/v2\/categories?post=11328"},{"taxonomy":"post_tag","embeddable":true,"href":"https:\/\/www.adf.org.br\/home\/wp-json\/wp\/v2\/tags?post=11328"}],"curies":[{"name":"wp","href":"https:\/\/api.w.org\/{rel}","templated":true}]}}