{"id":10721,"date":"2011-09-23T00:00:05","date_gmt":"2011-09-23T03:00:05","guid":{"rendered":"http:\/\/www.adf.org.br\/home\/?p=10721"},"modified":"2011-09-23T00:00:05","modified_gmt":"2011-09-23T03:00:05","slug":"os-milagres-de-santo-padre-pio-de-pietrelcina","status":"publish","type":"post","link":"https:\/\/www.adf.org.br\/home\/os-milagres-de-santo-padre-pio-de-pietrelcina\/","title":{"rendered":"Os Milagres de Santo Padre Pio de Pietrelcina &#8211; I"},"content":{"rendered":"<p><span style=\"font-size: medium;\"><strong><a rel=\"attachment wp-att-10730\" href=\"http:\/\/www.adf.org.br\/home\/2011\/09\/os-milagres-de-santo-padre-pio-de-pietrelcina\/padre-pio-5\/\"><img loading=\"lazy\" class=\"alignright size-medium wp-image-10730\" title=\"Padre Pio\" src=\"http:\/\/www.adf.org.br\/home\/wp-content\/uploads\/2011\/09\/PAdre-Pio-5-195x300.jpg\" alt=\"\" width=\"195\" height=\"300\" \/><\/a>\u00c9 muito dif\u00edcil estabelecer uma defini\u00e7\u00e3o para a palavra \u201cmilagre\u201d.   Os Milagres s\u00e3o considerados express\u00f5es do sobrenatural. <\/strong><\/span><\/p>\n<p>N\u00f3s tamb\u00e9m   podemos dizer que um milagre \u00e9 um fen\u00f4meno que ocorre contr\u00e1rio as leis   naturais j\u00e1 conhecidas e obedecem a uma for\u00e7a superior: a de Deus.<\/p>\n<p><strong>A vida do Padre Pio \u00e9 cheia de milagres.<\/strong> Mas n\u00f3s temos que prestar   aten\u00e7\u00e3o \u00e0 natureza do milagre, que \u00e9 sempre divina. Desta maneira o   Padre Pio sempre convidou as pessoas a agradecer a Deus, verdadeiro   autor dos milagres.<\/p>\n<p><span style=\"color: #800000;\"><strong>1 \u2013 SARANDO A QUEIMADURA<\/strong><\/span><br \/>\n <a rel=\"attachment wp-att-10731\" href=\"http:\/\/www.adf.org.br\/home\/2011\/09\/os-milagres-de-santo-padre-pio-de-pietrelcina\/velaaa\/\"><img loading=\"lazy\" class=\"alignleft size-medium wp-image-10731\" title=\"velaaa\" src=\"http:\/\/www.adf.org.br\/home\/wp-content\/uploads\/2011\/09\/velaaa-200x300.jpg\" alt=\"\" width=\"140\" height=\"210\" \/><\/a>O primeiro milagre atribu\u00eddo ao do Padre Pio, aconteceu em 1908. Naquela   \u00e9poca ele morava no convento de Montefusco. Um dia ele decidiu ir \u00e0   floresta para colher castanhas em uma bolsa. Ele enviou essa bolsa para   sua tia Daria em Pietrelcina. Ela sempre foi muito afetuosa para com   ele. A sua tia recebeu a bolsa e comeu as castanhas e depois guardou-a   como lembran\u00e7a.<\/p>\n<p>Poucos dias depois sua tia Daria estava procurando algo em uma gaveta   onde o seu marido normalmente guardava p\u00f3lvora. Era noite e ela estava   usando uma vela quando de repente a gaveta pegou fogo. O fogo atingiu   Tia Daria e num instante, ela pegou a bolsa que tinha as castanhas de   Padre Pio e a p\u00f4s na sua face. Imediatamente sua dor desapareceu e n\u00e3o   ficou nenhuma ferida ou queimadura na sua face.<\/p>\n<p><span style=\"color: #800000;\"><strong>2 \u2013 DE ONDE VIERAM OS P\u00c3ES? <\/strong><\/span><br \/>\n <a rel=\"attachment wp-att-10732\" href=\"http:\/\/www.adf.org.br\/home\/2011\/09\/os-milagres-de-santo-padre-pio-de-pietrelcina\/cesta-de-paes\/\"><img loading=\"lazy\" class=\"alignright size-medium wp-image-10732\" title=\"cesta de paes\" src=\"http:\/\/www.adf.org.br\/home\/wp-content\/uploads\/2011\/09\/cesta-de-paes-300x225.jpg\" alt=\"\" width=\"210\" height=\"158\" \/><\/a>Durante a Segunda Guerra Mundial, na It\u00e1lia, o p\u00e3o era racionado. No   convento do Padre Pio havia sempre muitos convidados e pessoas pobres   que iam at\u00e9 l\u00e1 pedir comida. Um dia, os monges foram para o refeit\u00f3rio e   perceberam que na cesta tinha aproximadamente um quilo de p\u00e3o. Todos  os  irm\u00e3os rezaram e se sentaram antes de come\u00e7ar a comer e o Padre Pio  foi  \u00e0 Igreja.<\/p>\n<p>Depois de um tempo ele voltou com muitos p\u00e3es nas m\u00e3os. O Superior   perguntou para Padre Pio: \u201cOnde voc\u00ea conseguiu os p\u00e3es? \u201d e Padre Pio   respondeu: \u201cUm peregrino \u00e0 porta me deu \u201c. Ningu\u00e9m falou, mas todo o   mundo concluiu que s\u00f3 Padre Pio poderia encontrar esse tal peregrino.<\/p>\n<p><span style=\"color: #800000;\"><strong><a rel=\"attachment wp-att-10735\" href=\"http:\/\/www.adf.org.br\/home\/2011\/09\/os-milagres-de-santo-padre-pio-de-pietrelcina\/hostias\/\"><img loading=\"lazy\" class=\"alignleft size-medium wp-image-10735\" title=\"hostias\" src=\"http:\/\/www.adf.org.br\/home\/wp-content\/uploads\/2011\/09\/hostias-294x300.jpg\" alt=\"\" width=\"176\" height=\"180\" \/><\/a>3 \u2013 QUEM REP\u00d4S AS H\u00d3STIAS? <\/strong><\/span><br \/>\n Uma vez no convento do Padre Pio, um frade deixou de colocar h\u00f3stias   suficientes para a celebra\u00e7\u00e3o, pois havia poucas dispon\u00edveis. Mas depois   das confiss\u00f5es Padre Pio pegou as h\u00f3stias, come\u00e7ou a entregar a  Sagrada  Comunh\u00e3o \u00e0s pessoas e ao t\u00e9rmino da celebra\u00e7\u00e3o sobraram muitas  h\u00f3stias,  mais do que eles tinham antes.<\/p>\n<p><span style=\"color: #800000;\"><strong>4 \u2013 ALGU\u00c9M SEGUROU A CARTA? <\/strong><\/span><br \/>\n Uma filha espiritual do Padre Pio estava lendo uma carta dele a beira de   uma estrada. O vento fez a carta voar e rolar por uma ribanceira. A   carta j\u00e1 estava longe quando deixou de voar e caiu e ficou presa numa   pedra. Desse modo foi poss\u00edvel recuperar a carta. No dia seguinte ela se   encontrou com o Padre Pio, que lhe disse: \u201cVoc\u00ea tem que prestar mais   aten\u00e7\u00e3o no vento da pr\u00f3xima vez. Se eu n\u00e3o tivesse posto meus p\u00e9s na   carta ela se teria perdido\u201d.<\/p>\n<p>Fonte:<a href=\"http:\/\/saopio.wordpress.com\/2011\/03\/24\/milagres-de-pe-pio\/\" target=\"_blank\" rel=\"noopener noreferrer\"> S\u00e3o Pio de Pietrelcina<\/a><\/p>\n","protected":false},"excerpt":{"rendered":"<p>\u00c9 muito dif\u00edcil estabelecer uma defini\u00e7\u00e3o para a palavra \u201cmilagre\u201d. Os Milagres s\u00e3o considerados express\u00f5es do sobrenatural. N\u00f3s tamb\u00e9m podemos dizer que um milagre \u00e9 um fen\u00f4meno que ocorre contr\u00e1rio as leis naturais j\u00e1 conhecidas e obedecem a uma for\u00e7a superior: a de Deus. A vida do Padre Pio \u00e9 cheia de milagres. Mas n\u00f3s [&hellip;]<\/p>\n","protected":false},"author":31,"featured_media":0,"comment_status":"open","ping_status":"open","sticky":false,"template":"","format":"standard","meta":[],"categories":[20],"tags":[143,146,27],"yoast_head":"<!-- This site is optimized with the Yoast SEO plugin v17.4 - https:\/\/yoast.com\/wordpress\/plugins\/seo\/ -->\n<title>Os Milagres de Santo Padre Pio de Pietrelcina - I - Associa\u00e7\u00e3o Devotos de F\u00e1tima<\/title>\n<meta name=\"robots\" content=\"index, follow, max-snippet:-1, max-image-preview:large, max-video-preview:-1\" \/>\n<link rel=\"canonical\" href=\"https:\/\/www.adf.org.br\/home\/os-milagres-de-santo-padre-pio-de-pietrelcina\/\" \/>\n<meta property=\"og:locale\" content=\"pt_BR\" \/>\n<meta property=\"og:type\" content=\"article\" \/>\n<meta property=\"og:title\" content=\"Os Milagres de Santo Padre Pio de Pietrelcina - I - Associa\u00e7\u00e3o Devotos de F\u00e1tima\" \/>\n<meta property=\"og:description\" content=\"\u00c9 muito dif\u00edcil estabelecer uma defini\u00e7\u00e3o para a palavra \u201cmilagre\u201d. Os Milagres s\u00e3o considerados express\u00f5es do sobrenatural. N\u00f3s tamb\u00e9m podemos dizer que um milagre \u00e9 um fen\u00f4meno que ocorre contr\u00e1rio as leis naturais j\u00e1 conhecidas e obedecem a uma for\u00e7a superior: a de Deus. A vida do Padre Pio \u00e9 cheia de milagres. Mas n\u00f3s [&hellip;]\" \/>\n<meta property=\"og:url\" content=\"https:\/\/www.adf.org.br\/home\/os-milagres-de-santo-padre-pio-de-pietrelcina\/\" \/>\n<meta property=\"og:site_name\" content=\"Associa\u00e7\u00e3o Devotos de F\u00e1tima\" \/>\n<meta property=\"article:published_time\" content=\"2011-09-23T03:00:05+00:00\" \/>\n<meta property=\"og:image\" content=\"http:\/\/www.adf.org.br\/home\/wp-content\/uploads\/2011\/09\/PAdre-Pio-5-195x300.jpg\" \/>\n<meta name=\"twitter:card\" content=\"summary_large_image\" \/>\n<meta name=\"twitter:label1\" content=\"Escrito por\" \/>\n\t<meta name=\"twitter:data1\" content=\"Gabriel Barbosa\" \/>\n\t<meta name=\"twitter:label2\" content=\"Est. tempo de leitura\" \/>\n\t<meta name=\"twitter:data2\" content=\"3 minutos\" \/>\n<script type=\"application\/ld+json\" class=\"yoast-schema-graph\">{\"@context\":\"https:\/\/schema.org\",\"@graph\":[{\"@type\":\"WebSite\",\"@id\":\"https:\/\/www.adf.org.br\/home\/#website\",\"url\":\"https:\/\/www.adf.org.br\/home\/\",\"name\":\"Associa\\u00e7\\u00e3o Devotos de F\\u00e1tima\",\"description\":\"Associa\\u00e7\\u00e3o Devotos de F\\u00e1tima\",\"potentialAction\":[{\"@type\":\"SearchAction\",\"target\":{\"@type\":\"EntryPoint\",\"urlTemplate\":\"https:\/\/www.adf.org.br\/home\/?s={search_term_string}\"},\"query-input\":\"required name=search_term_string\"}],\"inLanguage\":\"pt-BR\"},{\"@type\":\"ImageObject\",\"@id\":\"https:\/\/www.adf.org.br\/home\/os-milagres-de-santo-padre-pio-de-pietrelcina\/#primaryimage\",\"inLanguage\":\"pt-BR\",\"url\":\"http:\/\/www.adf.org.br\/home\/wp-content\/uploads\/2011\/09\/PAdre-Pio-5-195x300.jpg\",\"contentUrl\":\"http:\/\/www.adf.org.br\/home\/wp-content\/uploads\/2011\/09\/PAdre-Pio-5-195x300.jpg\"},{\"@type\":\"WebPage\",\"@id\":\"https:\/\/www.adf.org.br\/home\/os-milagres-de-santo-padre-pio-de-pietrelcina\/#webpage\",\"url\":\"https:\/\/www.adf.org.br\/home\/os-milagres-de-santo-padre-pio-de-pietrelcina\/\",\"name\":\"Os Milagres de Santo Padre Pio de Pietrelcina - I - Associa\\u00e7\\u00e3o Devotos de F\\u00e1tima\",\"isPartOf\":{\"@id\":\"https:\/\/www.adf.org.br\/home\/#website\"},\"primaryImageOfPage\":{\"@id\":\"https:\/\/www.adf.org.br\/home\/os-milagres-de-santo-padre-pio-de-pietrelcina\/#primaryimage\"},\"datePublished\":\"2011-09-23T03:00:05+00:00\",\"dateModified\":\"2011-09-23T03:00:05+00:00\",\"author\":{\"@id\":\"https:\/\/www.adf.org.br\/home\/#\/schema\/person\/f35a5c5aa7728a3dedf4ea9aa1fc2753\"},\"breadcrumb\":{\"@id\":\"https:\/\/www.adf.org.br\/home\/os-milagres-de-santo-padre-pio-de-pietrelcina\/#breadcrumb\"},\"inLanguage\":\"pt-BR\",\"potentialAction\":[{\"@type\":\"ReadAction\",\"target\":[\"https:\/\/www.adf.org.br\/home\/os-milagres-de-santo-padre-pio-de-pietrelcina\/\"]}]},{\"@type\":\"BreadcrumbList\",\"@id\":\"https:\/\/www.adf.org.br\/home\/os-milagres-de-santo-padre-pio-de-pietrelcina\/#breadcrumb\",\"itemListElement\":[{\"@type\":\"ListItem\",\"position\":1,\"name\":\"Home\",\"item\":\"https:\/\/www.adf.org.br\/home\/\"},{\"@type\":\"ListItem\",\"position\":2,\"name\":\"Os Milagres de Santo Padre Pio de Pietrelcina &#8211; I\"}]},{\"@type\":\"Person\",\"@id\":\"https:\/\/www.adf.org.br\/home\/#\/schema\/person\/f35a5c5aa7728a3dedf4ea9aa1fc2753\",\"name\":\"Gabriel Barbosa\",\"image\":{\"@type\":\"ImageObject\",\"@id\":\"https:\/\/www.adf.org.br\/home\/#personlogo\",\"inLanguage\":\"pt-BR\",\"url\":\"https:\/\/secure.gravatar.com\/avatar\/2b2cb2f4637682c5605e8d36818f51ef?s=96&d=mm&r=g\",\"contentUrl\":\"https:\/\/secure.gravatar.com\/avatar\/2b2cb2f4637682c5605e8d36818f51ef?s=96&d=mm&r=g\",\"caption\":\"Gabriel Barbosa\"},\"url\":\"https:\/\/www.adf.org.br\/home\/author\/gabrielpmk-com-br\/\"}]}<\/script>\n<!-- \/ Yoast SEO plugin. -->","yoast_head_json":{"title":"Os Milagres de Santo Padre Pio de Pietrelcina - I - Associa\u00e7\u00e3o Devotos de F\u00e1tima","robots":{"index":"index","follow":"follow","max-snippet":"max-snippet:-1","max-image-preview":"max-image-preview:large","max-video-preview":"max-video-preview:-1"},"canonical":"https:\/\/www.adf.org.br\/home\/os-milagres-de-santo-padre-pio-de-pietrelcina\/","og_locale":"pt_BR","og_type":"article","og_title":"Os Milagres de Santo Padre Pio de Pietrelcina - I - Associa\u00e7\u00e3o Devotos de F\u00e1tima","og_description":"\u00c9 muito dif\u00edcil estabelecer uma defini\u00e7\u00e3o para a palavra \u201cmilagre\u201d. Os Milagres s\u00e3o considerados express\u00f5es do sobrenatural. N\u00f3s tamb\u00e9m podemos dizer que um milagre \u00e9 um fen\u00f4meno que ocorre contr\u00e1rio as leis naturais j\u00e1 conhecidas e obedecem a uma for\u00e7a superior: a de Deus. A vida do Padre Pio \u00e9 cheia de milagres. Mas n\u00f3s [&hellip;]","og_url":"https:\/\/www.adf.org.br\/home\/os-milagres-de-santo-padre-pio-de-pietrelcina\/","og_site_name":"Associa\u00e7\u00e3o Devotos de F\u00e1tima","article_published_time":"2011-09-23T03:00:05+00:00","og_image":[{"url":"http:\/\/www.adf.org.br\/home\/wp-content\/uploads\/2011\/09\/PAdre-Pio-5-195x300.jpg"}],"twitter_card":"summary_large_image","twitter_misc":{"Escrito por":"Gabriel Barbosa","Est. tempo de leitura":"3 minutos"},"schema":{"@context":"https:\/\/schema.org","@graph":[{"@type":"WebSite","@id":"https:\/\/www.adf.org.br\/home\/#website","url":"https:\/\/www.adf.org.br\/home\/","name":"Associa\u00e7\u00e3o Devotos de F\u00e1tima","description":"Associa\u00e7\u00e3o Devotos de F\u00e1tima","potentialAction":[{"@type":"SearchAction","target":{"@type":"EntryPoint","urlTemplate":"https:\/\/www.adf.org.br\/home\/?s={search_term_string}"},"query-input":"required name=search_term_string"}],"inLanguage":"pt-BR"},{"@type":"ImageObject","@id":"https:\/\/www.adf.org.br\/home\/os-milagres-de-santo-padre-pio-de-pietrelcina\/#primaryimage","inLanguage":"pt-BR","url":"http:\/\/www.adf.org.br\/home\/wp-content\/uploads\/2011\/09\/PAdre-Pio-5-195x300.jpg","contentUrl":"http:\/\/www.adf.org.br\/home\/wp-content\/uploads\/2011\/09\/PAdre-Pio-5-195x300.jpg"},{"@type":"WebPage","@id":"https:\/\/www.adf.org.br\/home\/os-milagres-de-santo-padre-pio-de-pietrelcina\/#webpage","url":"https:\/\/www.adf.org.br\/home\/os-milagres-de-santo-padre-pio-de-pietrelcina\/","name":"Os Milagres de Santo Padre Pio de Pietrelcina - I - Associa\u00e7\u00e3o Devotos de F\u00e1tima","isPartOf":{"@id":"https:\/\/www.adf.org.br\/home\/#website"},"primaryImageOfPage":{"@id":"https:\/\/www.adf.org.br\/home\/os-milagres-de-santo-padre-pio-de-pietrelcina\/#primaryimage"},"datePublished":"2011-09-23T03:00:05+00:00","dateModified":"2011-09-23T03:00:05+00:00","author":{"@id":"https:\/\/www.adf.org.br\/home\/#\/schema\/person\/f35a5c5aa7728a3dedf4ea9aa1fc2753"},"breadcrumb":{"@id":"https:\/\/www.adf.org.br\/home\/os-milagres-de-santo-padre-pio-de-pietrelcina\/#breadcrumb"},"inLanguage":"pt-BR","potentialAction":[{"@type":"ReadAction","target":["https:\/\/www.adf.org.br\/home\/os-milagres-de-santo-padre-pio-de-pietrelcina\/"]}]},{"@type":"BreadcrumbList","@id":"https:\/\/www.adf.org.br\/home\/os-milagres-de-santo-padre-pio-de-pietrelcina\/#breadcrumb","itemListElement":[{"@type":"ListItem","position":1,"name":"Home","item":"https:\/\/www.adf.org.br\/home\/"},{"@type":"ListItem","position":2,"name":"Os Milagres de Santo Padre Pio de Pietrelcina &#8211; I"}]},{"@type":"Person","@id":"https:\/\/www.adf.org.br\/home\/#\/schema\/person\/f35a5c5aa7728a3dedf4ea9aa1fc2753","name":"Gabriel Barbosa","image":{"@type":"ImageObject","@id":"https:\/\/www.adf.org.br\/home\/#personlogo","inLanguage":"pt-BR","url":"https:\/\/secure.gravatar.com\/avatar\/2b2cb2f4637682c5605e8d36818f51ef?s=96&d=mm&r=g","contentUrl":"https:\/\/secure.gravatar.com\/avatar\/2b2cb2f4637682c5605e8d36818f51ef?s=96&d=mm&r=g","caption":"Gabriel Barbosa"},"url":"https:\/\/www.adf.org.br\/home\/author\/gabrielpmk-com-br\/"}]}},"_links":{"self":[{"href":"https:\/\/www.adf.org.br\/home\/wp-json\/wp\/v2\/posts\/10721"}],"collection":[{"href":"https:\/\/www.adf.org.br\/home\/wp-json\/wp\/v2\/posts"}],"about":[{"href":"https:\/\/www.adf.org.br\/home\/wp-json\/wp\/v2\/types\/post"}],"author":[{"embeddable":true,"href":"https:\/\/www.adf.org.br\/home\/wp-json\/wp\/v2\/users\/31"}],"replies":[{"embeddable":true,"href":"https:\/\/www.adf.org.br\/home\/wp-json\/wp\/v2\/comments?post=10721"}],"version-history":[{"count":0,"href":"https:\/\/www.adf.org.br\/home\/wp-json\/wp\/v2\/posts\/10721\/revisions"}],"wp:attachment":[{"href":"https:\/\/www.adf.org.br\/home\/wp-json\/wp\/v2\/media?parent=10721"}],"wp:term":[{"taxonomy":"category","embeddable":true,"href":"https:\/\/www.adf.org.br\/home\/wp-json\/wp\/v2\/categories?post=10721"},{"taxonomy":"post_tag","embeddable":true,"href":"https:\/\/www.adf.org.br\/home\/wp-json\/wp\/v2\/tags?post=10721"}],"curies":[{"name":"wp","href":"https:\/\/api.w.org\/{rel}","templated":true}]}}