{"id":10687,"date":"2011-09-22T00:00:27","date_gmt":"2011-09-22T03:00:27","guid":{"rendered":"http:\/\/www.adf.org.br\/home\/?p=10687"},"modified":"2011-09-22T00:00:27","modified_gmt":"2011-09-22T03:00:27","slug":"a-oracao-mais-cheia-de-esperanca-que-se-conhece-na-igreja-catolica","status":"publish","type":"post","link":"https:\/\/www.adf.org.br\/home\/a-oracao-mais-cheia-de-esperanca-que-se-conhece-na-igreja-catolica\/","title":{"rendered":"A ora\u00e7\u00e3o mais cheia de esperan\u00e7a que se conhece na Igreja Cat\u00f3lica"},"content":{"rendered":"<p style=\"padding-left: 30px;\"><span style=\"font-size: large;\"><strong>O Memorare: contri\u00e7\u00e3o e confian\u00e7a ilimitada<\/strong><\/span><\/p>\n<p>Composto pelo admir\u00e1vel Doutor da Igreja S\u00e3o Bernardo, o memorare \u00e9 talvez a ora\u00e7\u00e3o mais cheia de esperan\u00e7a que se conhece na Igreja Cat\u00f3lica, porque a afirma\u00e7\u00e3o que est\u00e1 nessa prece \u00e9 a mais categ\u00f3rica que pode haver:<\/p>\n<p style=\"text-align: center;\"><span style=\"font-family: arial black,avant garde;\"><span style=\"color: #0000ff;\"><strong>&#8220;Lembrai-Vos, \u00f3 pi\u00edssima Virgem Maria, que nunca se ouviu dizer que algu\u00e9m, <\/strong><\/span><\/span><\/p>\n<p style=\"text-align: center;\"><span style=\"font-family: arial black,avant garde;\"><span style=\"color: #0000ff;\"><strong>tendo recorrido \u00e0 vossa prote\u00e7\u00e3o, fosse por V\u00f3s desamparado&#8221;.<\/strong><\/span><\/span><\/p>\n<dl id=\"attachment_10690\" class=\"wp-caption alignleft\" style=\"width: 288px;\">\n<dt class=\"wp-caption-dt\"><a href=\"http:\/\/oratoriodamedalhamilagrosa.org.br\/home\/?origem=1\" target=\"_blank\" rel=\"noopener noreferrer\"><img loading=\"lazy\" class=\"size-full wp-image-10690  \" title=\"N.S da Miseric\u00f3rdia\" src=\"http:\/\/www.adf.org.br\/home\/wp-content\/uploads\/2011\/09\/N.S-da-Miseric\u00f3rdia.jpg\" alt=\"\" width=\"278\" height=\"366\" \/><\/a><\/dt>\n<dd class=\"wp-caption-dd\" style=\"text-align: center;\">\n<p><span style=\"color: #800000;\">Nossa Senhora da Miseric\u00f3rdia<\/span><\/p>\n<\/dd>\n<\/dl>\n<p>Se nunca se ouviu dizer que algu\u00e9m fosse desamparado, eu sou algu\u00e9m e, portanto, pedindo a prote\u00e7\u00e3o dEla, n\u00e3o serei desamparado.<\/p>\n<p>E, portanto, tenho o direito, mas tamb\u00e9m tenho a obriga\u00e7\u00e3o, de n\u00e3o desanimar nunca. Por mais que a minha situa\u00e7\u00e3o seja dif\u00edcil, por mais que eu esteja aborrecido comigo e me fa\u00e7a censuras justas, se eu pedir Ela que me ajude, Ela me ajudar\u00e1.<\/p>\n<p><strong>Pode demorar mais tempo ou menos tempo, mas a ajuda d\u2019Ela vem<\/strong>. (<a href=\"http:\/\/oratoriodamedalhamilagrosa.org.br\/home\/?origem=1\" target=\"_blank\" rel=\"noopener noreferrer\">Acenda uma vela aqui e fa\u00e7a seus pedidos a Nossa Senhora<\/a>). N\u00f3s estamos muito habituados aos sistemas modernos, por exemplo com a luz.<\/p>\n<p>Eu preciso de luz, aperto um bot\u00e3o, inundo a sala de luz; se quero trevas para descansar, aperto o bot\u00e3o, a sala toda fica nas trevas. H\u00e1 assim uma esp\u00e9cie de automatismo, por onde a vontade de cada um se faz inteiramente.<\/p>\n<p>Ent\u00e3o ficamos com a id\u00e9ia de que uma ora\u00e7\u00e3o \u00e9 assim tamb\u00e9m: eu aperto aqui o bot\u00e3o, pe\u00e7o a Nossa Senhora para me ajudar, ela imediatamente fica obrigada a me ajudar na hora em que eu pedi, ou em que estou esperando socorro dEla; se n\u00e3o ajudar nessa hora est\u00e1 tudo perdido, eu desanimei. \u00c9 errado. Nossa Senhora \u00e9 Rainha, Ela \u00e9 Senhora.<\/p>\n<p>N\u00e3o tratemos uma senhora como se trata uma empregada. A uma empregada podemos querer dizer: &#8220;Sirva-me um caf\u00e9&#8221;, e ela tem que ir para cozinha, preparar o caf\u00e9 e traz\u00ea-lo.<\/p>\n<p>\u00c9 o papel dela, de fazer a vontade do patr\u00e3o. Mas Nossa Senhora n\u00e3o, n\u00f3s \u00e9 que esperamos a honra de vir a ser servos dEla. \u00c9 muito diferente, \u00e9 profundamente diferente.<\/p>\n<p>Quanto maior a demora, maior ser\u00e1 a gra\u00e7aEla pode, para o bem de nossa alma, tardar em conceder-nos a gra\u00e7a que estamos esperando.<\/p>\n<p>Mas quanto maior for a demora, maior ser\u00e1 a gra\u00e7a.Portanto, a pessoa nunca pode fazer um racioc\u00ednio assim: &#8220;Nossa Senhora est\u00e1 demorando muito a atender o meu desejo. Isto quer dizer que Ela n\u00e3o est\u00e1 com vontade de atender, ent\u00e3o eu vou desanimar&#8221;.<\/p>\n<p>\u00c9 o contr\u00e1rio, isso quer dizer que Ela est\u00e1 querendo me provar, para dar uma gra\u00e7a muito grande.<\/p>\n<p><a href=\"http:\/\/oratoriodamedalhamilagrosa.org.br\/home\/?origem=1\" target=\"_blank\" rel=\"noopener noreferrer\"><img loading=\"lazy\" class=\"aligncenter size-full wp-image-10695\" title=\"banner_oratorio1\" src=\"http:\/\/www.adf.org.br\/home\/wp-content\/uploads\/2011\/09\/banner_oratorio1.jpg\" alt=\"\" width=\"450\" height=\"159\" \/><\/a><\/p>\n<p style=\"padding-left: 30px;\"><span style=\"font-size: medium;\"><span style=\"color: #0000ff;\"><strong> O sentido das palavras do Memorare<\/strong><\/span><\/span><\/p>\n<p>Acho indispens\u00e1vel encorajar a todos, de todo modo e a todo pre\u00e7o, a n\u00e3o desanimarem nunca, nunca, nunca. Pe\u00e7am a Nossa Senhora que ajude, que ajude, que ajude, e rezem o Memorare, que \u00e9 t\u00e3o bonito.<\/p>\n<p>N\u00e3o se deve rezar apressadamente, mas dizer a ora\u00e7\u00e3o palavra por palavra.<\/p>\n<p><strong><span style=\"font-size: medium;\"><span style=\"font-family: helvetica;\"><em> &#8220;Lembrai-Vos, \u00f3 pi\u00edssima Virgem Maria&#8221;<\/em><\/span><\/span><\/strong><\/p>\n<p>Chama, logo de uma vez, de misericordios\u00edssima Virgem Maria.<\/p>\n<p><strong><span style=\"font-size: medium;\"><span style=\"font-family: helvetica;\"><em> &#8220;que nunca se ouviu dizer que tenha algu\u00e9m recorrido \u00e0 vossa prote\u00e7\u00e3o, implorado a vossa assist\u00eancia, reclamado o vosso socorro, fosse por V\u00f3s desamparado. Animado eu, pois, com igual confian\u00e7a&#8221;<\/em><\/span><\/span><\/strong><\/p>\n<p>Quer dizer, com a confian\u00e7a daqueles que estavam no extremo do comprometimento com o pecado, mas que rezaram a Ela, que foram atendidos.<\/p>\n<p><strong><span style=\"font-size: medium;\"><span style=\"font-family: helvetica;\"><em> &#8220;a V\u00f3s, Virgem singular&#8221;<\/em><\/span><\/span><\/strong><\/p>\n<p>Quer dizer, Virgem como ningu\u00e9m foi virgem, Ela \u00e9 a Santa Virgem das Virgens. \u00c9 a alus\u00e3o ao pecado contra a pureza, Ela \u00e9 a Virgem das Virgens.<\/p>\n<p><span style=\"font-family: helvetica;\"><span style=\"font-size: medium;\"><strong><em> &#8220;a V\u00f3s recorro e de V\u00f3s me valho&#8221;<\/em><\/strong><\/span><\/span><\/p>\n<p>Recorrer \u00e9 pedir com inst\u00e2ncia: ajudai-me. Mas me valho de V\u00f3s, quer dizer o seguinte: eu alego perante Deus a V\u00f3s, dizendo a Ele: &#8220;V\u00f3s sois meu Pai, tendes o direito de estar zangado comigo, eu bato no peito. Mas Vossa M\u00e3e \u00e9 minha m\u00e3e, e Ela tem para comigo as inclina\u00e7\u00f5es, as bondades, as paci\u00eancias que todas as verdadeiras m\u00e3es t\u00eam para com os seus filhos. Eu espero, portanto, na paci\u00eancia de Vossa M\u00e3e. Sede paciente para comigo, porque Vossa M\u00e3e o \u00e9&#8221;.<\/p>\n<p><span style=\"font-family: helvetica;\"><span style=\"font-size: medium;\"><strong><em> &#8220;e gemendo sob o peso dos meus pecados, me prostro a Vossos p\u00e9s&#8221;<\/em><\/strong><\/span><\/span><\/p>\n<p>Fiquem vendo bem que \u00e9 um pecador t\u00e3o pecador, que geme pelos pecados que cometeu. P\u00f5e-se ajoelhado diante dos p\u00e9s dEla.<\/p>\n<p><span style=\"font-family: helvetica;\"><span style=\"font-size: medium;\"><em><strong> &#8220;n\u00e3o desprezeis as minhas s\u00faplicas, \u00f3 M\u00e3e do Verbo de Deus humanado&#8221;<\/strong><\/em><\/span><\/span><\/p>\n<p>Quer dizer, n\u00e3o desprezeis as s\u00faplicas deste miser\u00e1vel pecador.<\/p>\n<p><span style=\"font-family: helvetica;\"><em><strong><span style=\"font-size: medium;\"> &#8220;mas dignai-Vos de as ouvir prop\u00edcia e alcan\u00e7ar o que Vos rogo. Assim seja&#8221;.<\/span><\/strong><\/em><\/span><\/p>\n<p>\u00c9 uma ora\u00e7\u00e3o lind\u00edssima<\/p>\n<p><em> Fonte: P\u00e1ginas Marianas (extra\u00eddo da Revista Catolicismo, Plinio Corr\u00eaa de Oliveira)<\/em><\/p>\n","protected":false},"excerpt":{"rendered":"<p>O Memorare: contri\u00e7\u00e3o e confian\u00e7a ilimitada Composto pelo admir\u00e1vel Doutor da Igreja S\u00e3o Bernardo, o memorare \u00e9 talvez a ora\u00e7\u00e3o mais cheia de esperan\u00e7a que se conhece na Igreja Cat\u00f3lica, porque a afirma\u00e7\u00e3o que est\u00e1 nessa prece \u00e9 a mais categ\u00f3rica que pode haver: &#8220;Lembrai-Vos, \u00f3 pi\u00edssima Virgem Maria, que nunca se ouviu dizer que [&hellip;]<\/p>\n","protected":false},"author":31,"featured_media":0,"comment_status":"open","ping_status":"open","sticky":false,"template":"","format":"standard","meta":[],"categories":[20],"tags":[195,51],"yoast_head":"<!-- This site is optimized with the Yoast SEO plugin v17.4 - https:\/\/yoast.com\/wordpress\/plugins\/seo\/ -->\n<title>A ora\u00e7\u00e3o mais cheia de esperan\u00e7a que se conhece na Igreja Cat\u00f3lica - Associa\u00e7\u00e3o Devotos de F\u00e1tima<\/title>\n<meta name=\"robots\" content=\"index, follow, max-snippet:-1, max-image-preview:large, max-video-preview:-1\" \/>\n<link rel=\"canonical\" href=\"https:\/\/www.adf.org.br\/home\/a-oracao-mais-cheia-de-esperanca-que-se-conhece-na-igreja-catolica\/\" \/>\n<meta property=\"og:locale\" content=\"pt_BR\" \/>\n<meta property=\"og:type\" content=\"article\" \/>\n<meta property=\"og:title\" content=\"A ora\u00e7\u00e3o mais cheia de esperan\u00e7a que se conhece na Igreja Cat\u00f3lica - Associa\u00e7\u00e3o Devotos de F\u00e1tima\" \/>\n<meta property=\"og:description\" content=\"O Memorare: contri\u00e7\u00e3o e confian\u00e7a ilimitada Composto pelo admir\u00e1vel Doutor da Igreja S\u00e3o Bernardo, o memorare \u00e9 talvez a ora\u00e7\u00e3o mais cheia de esperan\u00e7a que se conhece na Igreja Cat\u00f3lica, porque a afirma\u00e7\u00e3o que est\u00e1 nessa prece \u00e9 a mais categ\u00f3rica que pode haver: &#8220;Lembrai-Vos, \u00f3 pi\u00edssima Virgem Maria, que nunca se ouviu dizer que [&hellip;]\" \/>\n<meta property=\"og:url\" content=\"https:\/\/www.adf.org.br\/home\/a-oracao-mais-cheia-de-esperanca-que-se-conhece-na-igreja-catolica\/\" \/>\n<meta property=\"og:site_name\" content=\"Associa\u00e7\u00e3o Devotos de F\u00e1tima\" \/>\n<meta property=\"article:published_time\" content=\"2011-09-22T03:00:27+00:00\" \/>\n<meta property=\"og:image\" content=\"http:\/\/www.adf.org.br\/home\/wp-content\/uploads\/2011\/09\/N.S-da-Miseric\u00f3rdia.jpg\" \/>\n<meta name=\"twitter:card\" content=\"summary_large_image\" \/>\n<meta name=\"twitter:label1\" content=\"Escrito por\" \/>\n\t<meta name=\"twitter:data1\" content=\"Gabriel Barbosa\" \/>\n\t<meta name=\"twitter:label2\" content=\"Est. tempo de leitura\" \/>\n\t<meta name=\"twitter:data2\" content=\"4 minutos\" \/>\n<script type=\"application\/ld+json\" class=\"yoast-schema-graph\">{\"@context\":\"https:\/\/schema.org\",\"@graph\":[{\"@type\":\"WebSite\",\"@id\":\"https:\/\/www.adf.org.br\/home\/#website\",\"url\":\"https:\/\/www.adf.org.br\/home\/\",\"name\":\"Associa\\u00e7\\u00e3o Devotos de F\\u00e1tima\",\"description\":\"Associa\\u00e7\\u00e3o Devotos de F\\u00e1tima\",\"potentialAction\":[{\"@type\":\"SearchAction\",\"target\":{\"@type\":\"EntryPoint\",\"urlTemplate\":\"https:\/\/www.adf.org.br\/home\/?s={search_term_string}\"},\"query-input\":\"required name=search_term_string\"}],\"inLanguage\":\"pt-BR\"},{\"@type\":\"ImageObject\",\"@id\":\"https:\/\/www.adf.org.br\/home\/a-oracao-mais-cheia-de-esperanca-que-se-conhece-na-igreja-catolica\/#primaryimage\",\"inLanguage\":\"pt-BR\",\"url\":\"http:\/\/www.adf.org.br\/home\/wp-content\/uploads\/2011\/09\/N.S-da-Miseric\\u00f3rdia.jpg\",\"contentUrl\":\"http:\/\/www.adf.org.br\/home\/wp-content\/uploads\/2011\/09\/N.S-da-Miseric\\u00f3rdia.jpg\"},{\"@type\":\"WebPage\",\"@id\":\"https:\/\/www.adf.org.br\/home\/a-oracao-mais-cheia-de-esperanca-que-se-conhece-na-igreja-catolica\/#webpage\",\"url\":\"https:\/\/www.adf.org.br\/home\/a-oracao-mais-cheia-de-esperanca-que-se-conhece-na-igreja-catolica\/\",\"name\":\"A ora\\u00e7\\u00e3o mais cheia de esperan\\u00e7a que se conhece na Igreja Cat\\u00f3lica - Associa\\u00e7\\u00e3o Devotos de F\\u00e1tima\",\"isPartOf\":{\"@id\":\"https:\/\/www.adf.org.br\/home\/#website\"},\"primaryImageOfPage\":{\"@id\":\"https:\/\/www.adf.org.br\/home\/a-oracao-mais-cheia-de-esperanca-que-se-conhece-na-igreja-catolica\/#primaryimage\"},\"datePublished\":\"2011-09-22T03:00:27+00:00\",\"dateModified\":\"2011-09-22T03:00:27+00:00\",\"author\":{\"@id\":\"https:\/\/www.adf.org.br\/home\/#\/schema\/person\/f35a5c5aa7728a3dedf4ea9aa1fc2753\"},\"breadcrumb\":{\"@id\":\"https:\/\/www.adf.org.br\/home\/a-oracao-mais-cheia-de-esperanca-que-se-conhece-na-igreja-catolica\/#breadcrumb\"},\"inLanguage\":\"pt-BR\",\"potentialAction\":[{\"@type\":\"ReadAction\",\"target\":[\"https:\/\/www.adf.org.br\/home\/a-oracao-mais-cheia-de-esperanca-que-se-conhece-na-igreja-catolica\/\"]}]},{\"@type\":\"BreadcrumbList\",\"@id\":\"https:\/\/www.adf.org.br\/home\/a-oracao-mais-cheia-de-esperanca-que-se-conhece-na-igreja-catolica\/#breadcrumb\",\"itemListElement\":[{\"@type\":\"ListItem\",\"position\":1,\"name\":\"Home\",\"item\":\"https:\/\/www.adf.org.br\/home\/\"},{\"@type\":\"ListItem\",\"position\":2,\"name\":\"A ora\\u00e7\\u00e3o mais cheia de esperan\\u00e7a que se conhece na Igreja Cat\\u00f3lica\"}]},{\"@type\":\"Person\",\"@id\":\"https:\/\/www.adf.org.br\/home\/#\/schema\/person\/f35a5c5aa7728a3dedf4ea9aa1fc2753\",\"name\":\"Gabriel Barbosa\",\"image\":{\"@type\":\"ImageObject\",\"@id\":\"https:\/\/www.adf.org.br\/home\/#personlogo\",\"inLanguage\":\"pt-BR\",\"url\":\"https:\/\/secure.gravatar.com\/avatar\/2b2cb2f4637682c5605e8d36818f51ef?s=96&d=mm&r=g\",\"contentUrl\":\"https:\/\/secure.gravatar.com\/avatar\/2b2cb2f4637682c5605e8d36818f51ef?s=96&d=mm&r=g\",\"caption\":\"Gabriel Barbosa\"},\"url\":\"https:\/\/www.adf.org.br\/home\/author\/gabrielpmk-com-br\/\"}]}<\/script>\n<!-- \/ Yoast SEO plugin. -->","yoast_head_json":{"title":"A ora\u00e7\u00e3o mais cheia de esperan\u00e7a que se conhece na Igreja Cat\u00f3lica - Associa\u00e7\u00e3o Devotos de F\u00e1tima","robots":{"index":"index","follow":"follow","max-snippet":"max-snippet:-1","max-image-preview":"max-image-preview:large","max-video-preview":"max-video-preview:-1"},"canonical":"https:\/\/www.adf.org.br\/home\/a-oracao-mais-cheia-de-esperanca-que-se-conhece-na-igreja-catolica\/","og_locale":"pt_BR","og_type":"article","og_title":"A ora\u00e7\u00e3o mais cheia de esperan\u00e7a que se conhece na Igreja Cat\u00f3lica - Associa\u00e7\u00e3o Devotos de F\u00e1tima","og_description":"O Memorare: contri\u00e7\u00e3o e confian\u00e7a ilimitada Composto pelo admir\u00e1vel Doutor da Igreja S\u00e3o Bernardo, o memorare \u00e9 talvez a ora\u00e7\u00e3o mais cheia de esperan\u00e7a que se conhece na Igreja Cat\u00f3lica, porque a afirma\u00e7\u00e3o que est\u00e1 nessa prece \u00e9 a mais categ\u00f3rica que pode haver: &#8220;Lembrai-Vos, \u00f3 pi\u00edssima Virgem Maria, que nunca se ouviu dizer que [&hellip;]","og_url":"https:\/\/www.adf.org.br\/home\/a-oracao-mais-cheia-de-esperanca-que-se-conhece-na-igreja-catolica\/","og_site_name":"Associa\u00e7\u00e3o Devotos de F\u00e1tima","article_published_time":"2011-09-22T03:00:27+00:00","og_image":[{"url":"http:\/\/www.adf.org.br\/home\/wp-content\/uploads\/2011\/09\/N.S-da-Miseric\u00f3rdia.jpg"}],"twitter_card":"summary_large_image","twitter_misc":{"Escrito por":"Gabriel Barbosa","Est. tempo de leitura":"4 minutos"},"schema":{"@context":"https:\/\/schema.org","@graph":[{"@type":"WebSite","@id":"https:\/\/www.adf.org.br\/home\/#website","url":"https:\/\/www.adf.org.br\/home\/","name":"Associa\u00e7\u00e3o Devotos de F\u00e1tima","description":"Associa\u00e7\u00e3o Devotos de F\u00e1tima","potentialAction":[{"@type":"SearchAction","target":{"@type":"EntryPoint","urlTemplate":"https:\/\/www.adf.org.br\/home\/?s={search_term_string}"},"query-input":"required name=search_term_string"}],"inLanguage":"pt-BR"},{"@type":"ImageObject","@id":"https:\/\/www.adf.org.br\/home\/a-oracao-mais-cheia-de-esperanca-que-se-conhece-na-igreja-catolica\/#primaryimage","inLanguage":"pt-BR","url":"http:\/\/www.adf.org.br\/home\/wp-content\/uploads\/2011\/09\/N.S-da-Miseric\u00f3rdia.jpg","contentUrl":"http:\/\/www.adf.org.br\/home\/wp-content\/uploads\/2011\/09\/N.S-da-Miseric\u00f3rdia.jpg"},{"@type":"WebPage","@id":"https:\/\/www.adf.org.br\/home\/a-oracao-mais-cheia-de-esperanca-que-se-conhece-na-igreja-catolica\/#webpage","url":"https:\/\/www.adf.org.br\/home\/a-oracao-mais-cheia-de-esperanca-que-se-conhece-na-igreja-catolica\/","name":"A ora\u00e7\u00e3o mais cheia de esperan\u00e7a que se conhece na Igreja Cat\u00f3lica - Associa\u00e7\u00e3o Devotos de F\u00e1tima","isPartOf":{"@id":"https:\/\/www.adf.org.br\/home\/#website"},"primaryImageOfPage":{"@id":"https:\/\/www.adf.org.br\/home\/a-oracao-mais-cheia-de-esperanca-que-se-conhece-na-igreja-catolica\/#primaryimage"},"datePublished":"2011-09-22T03:00:27+00:00","dateModified":"2011-09-22T03:00:27+00:00","author":{"@id":"https:\/\/www.adf.org.br\/home\/#\/schema\/person\/f35a5c5aa7728a3dedf4ea9aa1fc2753"},"breadcrumb":{"@id":"https:\/\/www.adf.org.br\/home\/a-oracao-mais-cheia-de-esperanca-que-se-conhece-na-igreja-catolica\/#breadcrumb"},"inLanguage":"pt-BR","potentialAction":[{"@type":"ReadAction","target":["https:\/\/www.adf.org.br\/home\/a-oracao-mais-cheia-de-esperanca-que-se-conhece-na-igreja-catolica\/"]}]},{"@type":"BreadcrumbList","@id":"https:\/\/www.adf.org.br\/home\/a-oracao-mais-cheia-de-esperanca-que-se-conhece-na-igreja-catolica\/#breadcrumb","itemListElement":[{"@type":"ListItem","position":1,"name":"Home","item":"https:\/\/www.adf.org.br\/home\/"},{"@type":"ListItem","position":2,"name":"A ora\u00e7\u00e3o mais cheia de esperan\u00e7a que se conhece na Igreja Cat\u00f3lica"}]},{"@type":"Person","@id":"https:\/\/www.adf.org.br\/home\/#\/schema\/person\/f35a5c5aa7728a3dedf4ea9aa1fc2753","name":"Gabriel Barbosa","image":{"@type":"ImageObject","@id":"https:\/\/www.adf.org.br\/home\/#personlogo","inLanguage":"pt-BR","url":"https:\/\/secure.gravatar.com\/avatar\/2b2cb2f4637682c5605e8d36818f51ef?s=96&d=mm&r=g","contentUrl":"https:\/\/secure.gravatar.com\/avatar\/2b2cb2f4637682c5605e8d36818f51ef?s=96&d=mm&r=g","caption":"Gabriel Barbosa"},"url":"https:\/\/www.adf.org.br\/home\/author\/gabrielpmk-com-br\/"}]}},"_links":{"self":[{"href":"https:\/\/www.adf.org.br\/home\/wp-json\/wp\/v2\/posts\/10687"}],"collection":[{"href":"https:\/\/www.adf.org.br\/home\/wp-json\/wp\/v2\/posts"}],"about":[{"href":"https:\/\/www.adf.org.br\/home\/wp-json\/wp\/v2\/types\/post"}],"author":[{"embeddable":true,"href":"https:\/\/www.adf.org.br\/home\/wp-json\/wp\/v2\/users\/31"}],"replies":[{"embeddable":true,"href":"https:\/\/www.adf.org.br\/home\/wp-json\/wp\/v2\/comments?post=10687"}],"version-history":[{"count":0,"href":"https:\/\/www.adf.org.br\/home\/wp-json\/wp\/v2\/posts\/10687\/revisions"}],"wp:attachment":[{"href":"https:\/\/www.adf.org.br\/home\/wp-json\/wp\/v2\/media?parent=10687"}],"wp:term":[{"taxonomy":"category","embeddable":true,"href":"https:\/\/www.adf.org.br\/home\/wp-json\/wp\/v2\/categories?post=10687"},{"taxonomy":"post_tag","embeddable":true,"href":"https:\/\/www.adf.org.br\/home\/wp-json\/wp\/v2\/tags?post=10687"}],"curies":[{"name":"wp","href":"https:\/\/api.w.org\/{rel}","templated":true}]}}