{"id":1068,"date":"2009-12-17T00:05:22","date_gmt":"2009-12-17T02:05:22","guid":{"rendered":"http:\/\/www.adf.org.br\/home\/?p=1068"},"modified":"2009-12-17T00:05:22","modified_gmt":"2009-12-17T02:05:22","slug":"um-conto-de-natal-alma-aflita-parte-2","status":"publish","type":"post","link":"https:\/\/www.adf.org.br\/home\/um-conto-de-natal-alma-aflita-parte-2\/","title":{"rendered":"Um Conto de Natal: Alma aflita, Parte 2"},"content":{"rendered":"<p><a href=\"http:\/\/www.devotosdefatima.org.br\/milagredosol\" onblur=\"try {parent.deselectBloggerImageGracefully();} catch(e) {}\"><\/a><img loading=\"lazy\" class=\"alignleft size-full wp-image-1069\" title=\"contodenatal03\" src=\"http:\/\/www.adf.org.br\/home\/wp-content\/uploads\/2009\/11\/contodenatal03.jpg\" alt=\"contodenatal03\" width=\"200\" height=\"305\" srcset=\"https:\/\/www.adf.org.br\/home\/wp-content\/uploads\/2009\/11\/contodenatal03.jpg 200w, https:\/\/www.adf.org.br\/home\/wp-content\/uploads\/2009\/11\/contodenatal03-197x300.jpg 197w\" sizes=\"(max-width: 200px) 100vw, 200px\" \/>Do fundo dos anos de indiferen\u00e7a, <span style=\"COLOR: #990000\">as palavras esquecidas h\u00e1 tanto tempo foram pouco a pouco emergindo em sua mem\u00f3ria<\/span>:<\/p>\n<p>Lembrai-Vos, \u00f3 pi\u00edssima Virgem Maria, que nunca se ouviu dizer que algum daqueles que tenha recorrido \u00e0 vossa prote\u00e7\u00e3o, implorado vossa assist\u00eancia, reclamado vosso socorro, fosse por V\u00f3s desamparado.<\/p>\n<p>Animado eu, pois, com igual confian\u00e7a, a V\u00f3s, \u00f3 Virgem entre todas singular, como a M\u00e3e recorro, de V\u00f3s me valho, e gemendo sob o peso de meus pecados, <span style=\"COLOR: #990000\">me prostro a vossos p\u00e9s<\/span>.<\/p>\n<p>N\u00e3o desprezeis as minhas s\u00faplicas, \u00f3 M\u00e3e do Verbo de Deus humanado, <span style=\"COLOR: #990000\">mas dignai-vos de as ouvir prop\u00edcia e de me alcan\u00e7ar o que Vos rogo<\/span>. Assim seja.<\/p>\n<p>Num primeiro movimento de orgulho amargo, a alma se perguntou: Serei eu a primeira a dizer que Nossa Senhora n\u00e3o veio em meu socorro? <span style=\"COLOR: #990000\">Depois percebeu claramente que n\u00e3o havia se dado ao trabalho de pedir uma s\u00f3 vez esse socorro&#8230;<\/span><\/p>\n<p>E caminhando por ruas vazias e frias, ela repetia as palavras da ora\u00e7\u00e3o de sua inf\u00e2ncia: Gemendo sob o peso de meus pecados [&#8230;] nunca se ouviu dizer que algum daqueles que tenha recorrido \u00e0 vossa prote\u00e7\u00e3o [&#8230;] fosse por V\u00f3s desamparado! Animado eu, pois, com igual confian\u00e7a [&#8230;] como a M\u00e3e recorro, de V\u00f3s me valho&#8230;<\/p>\n<p><span style=\"COLOR: #990000\">Uma grande dor invadiu ent\u00e3o essa alma atormentada, ao tomar consci\u00eancia do lament\u00e1vel estado em que se encontrava<\/span>. Do mais fundo de seu ser, subia-lhe um desejo de reconquistar a amizade de Deus e os perfumes primaveris de sua vida espiritual, de restaurar a inoc\u00eancia perdida.<\/p>\n<p>\u2014 <span style=\"FONT-STYLE: italic\">Ser\u00e1 ainda poss\u00edvel?<\/span> \u2013\u2013 perguntava-se ela.<\/p>\n<p>\u2014 <span style=\"FONT-STYLE: italic\">Nunca se ouviu dizer..<\/span>. \u2013\u2013 respondia-lhe uma voz interior.<\/p>\n<p><span style=\"COLOR: #990000\">Movida pela gra\u00e7a<\/span>, repetiu ainda, com toda sinceridade, as palavras do Lembrai-Vos e pediu a Nossa Senhora que viesse em seu socorro.<\/p>\n<p>\u2014 Vamos ver o que suceder\u00e1 \u2013\u2013 pensou ela com uma ponta de incredulidade. E virou a esquina.<\/p>\n<p>* * *<\/p>\n<p><a href=\"http:\/\/www.devotosdefatima.org.br\/milagredosol\" onblur=\"try {parent.deselectBloggerImageGracefully();} catch(e) {}\"><\/a><img loading=\"lazy\" class=\"alignright size-full wp-image-1070\" title=\"contodenatal04\" src=\"http:\/\/www.adf.org.br\/home\/wp-content\/uploads\/2009\/11\/contodenatal04.jpg\" alt=\"contodenatal04\" width=\"206\" height=\"159\" \/>A luz interior da igreja iluminava os vitrais. A porta estava aberta. Hesitante e surpresa, entrou. Estava para come\u00e7ar a vig\u00edlia de Natal. Pela nave lateral, <span style=\"COLOR: #990000\">avan\u00e7ou at\u00e9 o altar de Nossa Senhora<\/span>.<\/p>\n<p>Uma melodia natalina partiu do \u00f3rg\u00e3o. A alma desmanchou-se em prantos. Depois de tantos anos de secura no ego\u00edsmo, ela se afogava em solu\u00e7os de arrependimento.<\/p>\n<p><span style=\"COLOR: #990000\">As l\u00e1grimas escorriam-lhe pela face em abund\u00e2ncia, e seu tronco sacudia ao ritmo convulsivo do pranto em solu\u00e7os, como o de uma crian\u00e7a&#8230;<\/span><\/p>\n<p>L\u00e1 havia um padre para ouvir confiss\u00f5es. E este n\u00e3o foi o menor dos milagres, para os tempos em que vivemos. A alma foi acusar-se como p\u00f4de, um tanto confusamente, de sua triste vida afastada de Deus. E recebeu a absolvi\u00e7\u00e3o de suas faltas.<\/p>\n<p>* * *<\/p>\n<p>Deixo ao leitor o cuidado de pensar na alegria que, naquela noite, causou ao Cora\u00e7\u00e3o de Jesus Infante a volta ao rebanho de sua pequena ovelha transviada.<\/p>\n<p>O Menino Jesus veio sobretudo para os pecadores. <span style=\"COLOR: #990000\">N\u00e3o recusa jamais o seu perd\u00e3o. Acolhe com bondade e miseric\u00f3rdia toda humilde contri\u00e7\u00e3o<\/span>. Ontem, hoje, sempre, Jesus Cristo \u00e9 a solu\u00e7\u00e3o para o mundo, que afunda na noite do neopaganismo.<\/p>\n<p>No maior drama de nossa vida, recorramos com confian\u00e7a a nosso Salvador, por interm\u00e9dio da Sant\u00edssima Virgem, a quem Ele nada recusa.<\/p>\n<p><span style=\"FONT-SIZE: 85%\">(Por Beno\u00eet Bemelmans, extra\u00eddo de <a href=\"http:\/\/www.catolicismo.com.br\/materia\/materia.cfm?idmat=EDEE2FBC-CEF9-21B9-C35EF77A15257ADE&amp;mes=Dezembro2005\" target=\"_blank\" rel=\"noopener noreferrer\">Catolicismo<\/a>)<\/span><\/p>\n","protected":false},"excerpt":{"rendered":"<p>Do fundo dos anos de indiferen\u00e7a, as palavras esquecidas h\u00e1 tanto tempo foram pouco a pouco emergindo em sua mem\u00f3ria: Lembrai-Vos, \u00f3 pi\u00edssima Virgem Maria, que nunca se ouviu dizer que algum daqueles que tenha recorrido \u00e0 vossa prote\u00e7\u00e3o, implorado vossa assist\u00eancia, reclamado vosso socorro, fosse por V\u00f3s desamparado. Animado eu, pois, com igual confian\u00e7a, [&hellip;]<\/p>\n","protected":false},"author":27,"featured_media":0,"comment_status":"open","ping_status":"open","sticky":false,"template":"","format":"standard","meta":[],"categories":[20],"tags":[39],"yoast_head":"<!-- This site is optimized with the Yoast SEO plugin v17.4 - https:\/\/yoast.com\/wordpress\/plugins\/seo\/ -->\n<title>Um Conto de Natal: Alma aflita, Parte 2 - Associa\u00e7\u00e3o Devotos de F\u00e1tima<\/title>\n<meta name=\"robots\" content=\"index, follow, max-snippet:-1, max-image-preview:large, max-video-preview:-1\" \/>\n<link rel=\"canonical\" href=\"https:\/\/www.adf.org.br\/home\/um-conto-de-natal-alma-aflita-parte-2\/\" \/>\n<meta property=\"og:locale\" content=\"pt_BR\" \/>\n<meta property=\"og:type\" content=\"article\" \/>\n<meta property=\"og:title\" content=\"Um Conto de Natal: Alma aflita, Parte 2 - Associa\u00e7\u00e3o Devotos de F\u00e1tima\" \/>\n<meta property=\"og:description\" content=\"Do fundo dos anos de indiferen\u00e7a, as palavras esquecidas h\u00e1 tanto tempo foram pouco a pouco emergindo em sua mem\u00f3ria: Lembrai-Vos, \u00f3 pi\u00edssima Virgem Maria, que nunca se ouviu dizer que algum daqueles que tenha recorrido \u00e0 vossa prote\u00e7\u00e3o, implorado vossa assist\u00eancia, reclamado vosso socorro, fosse por V\u00f3s desamparado. Animado eu, pois, com igual confian\u00e7a, [&hellip;]\" \/>\n<meta property=\"og:url\" content=\"https:\/\/www.adf.org.br\/home\/um-conto-de-natal-alma-aflita-parte-2\/\" \/>\n<meta property=\"og:site_name\" content=\"Associa\u00e7\u00e3o Devotos de F\u00e1tima\" \/>\n<meta property=\"article:published_time\" content=\"2009-12-17T02:05:22+00:00\" \/>\n<meta property=\"og:image\" content=\"http:\/\/www.adf.org.br\/home\/wp-content\/uploads\/2009\/11\/contodenatal03.jpg\" \/>\n<meta name=\"twitter:card\" content=\"summary_large_image\" \/>\n<meta name=\"twitter:label1\" content=\"Escrito por\" \/>\n\t<meta name=\"twitter:data1\" content=\"Gabriel Barbosa\" \/>\n\t<meta name=\"twitter:label2\" content=\"Est. tempo de leitura\" \/>\n\t<meta name=\"twitter:data2\" content=\"3 minutos\" \/>\n<script type=\"application\/ld+json\" class=\"yoast-schema-graph\">{\"@context\":\"https:\/\/schema.org\",\"@graph\":[{\"@type\":\"WebSite\",\"@id\":\"https:\/\/www.adf.org.br\/home\/#website\",\"url\":\"https:\/\/www.adf.org.br\/home\/\",\"name\":\"Associa\\u00e7\\u00e3o Devotos de F\\u00e1tima\",\"description\":\"Associa\\u00e7\\u00e3o Devotos de F\\u00e1tima\",\"potentialAction\":[{\"@type\":\"SearchAction\",\"target\":{\"@type\":\"EntryPoint\",\"urlTemplate\":\"https:\/\/www.adf.org.br\/home\/?s={search_term_string}\"},\"query-input\":\"required name=search_term_string\"}],\"inLanguage\":\"pt-BR\"},{\"@type\":\"ImageObject\",\"@id\":\"https:\/\/www.adf.org.br\/home\/um-conto-de-natal-alma-aflita-parte-2\/#primaryimage\",\"inLanguage\":\"pt-BR\",\"url\":\"http:\/\/www.adf.org.br\/home\/wp-content\/uploads\/2009\/11\/contodenatal03.jpg\",\"contentUrl\":\"http:\/\/www.adf.org.br\/home\/wp-content\/uploads\/2009\/11\/contodenatal03.jpg\"},{\"@type\":\"WebPage\",\"@id\":\"https:\/\/www.adf.org.br\/home\/um-conto-de-natal-alma-aflita-parte-2\/#webpage\",\"url\":\"https:\/\/www.adf.org.br\/home\/um-conto-de-natal-alma-aflita-parte-2\/\",\"name\":\"Um Conto de Natal: Alma aflita, Parte 2 - Associa\\u00e7\\u00e3o Devotos de F\\u00e1tima\",\"isPartOf\":{\"@id\":\"https:\/\/www.adf.org.br\/home\/#website\"},\"primaryImageOfPage\":{\"@id\":\"https:\/\/www.adf.org.br\/home\/um-conto-de-natal-alma-aflita-parte-2\/#primaryimage\"},\"datePublished\":\"2009-12-17T02:05:22+00:00\",\"dateModified\":\"2009-12-17T02:05:22+00:00\",\"author\":{\"@id\":\"https:\/\/www.adf.org.br\/home\/#\/schema\/person\/affa494ecf91434f3620f5392de44327\"},\"breadcrumb\":{\"@id\":\"https:\/\/www.adf.org.br\/home\/um-conto-de-natal-alma-aflita-parte-2\/#breadcrumb\"},\"inLanguage\":\"pt-BR\",\"potentialAction\":[{\"@type\":\"ReadAction\",\"target\":[\"https:\/\/www.adf.org.br\/home\/um-conto-de-natal-alma-aflita-parte-2\/\"]}]},{\"@type\":\"BreadcrumbList\",\"@id\":\"https:\/\/www.adf.org.br\/home\/um-conto-de-natal-alma-aflita-parte-2\/#breadcrumb\",\"itemListElement\":[{\"@type\":\"ListItem\",\"position\":1,\"name\":\"Home\",\"item\":\"https:\/\/www.adf.org.br\/home\/\"},{\"@type\":\"ListItem\",\"position\":2,\"name\":\"Um Conto de Natal: Alma aflita, Parte 2\"}]},{\"@type\":\"Person\",\"@id\":\"https:\/\/www.adf.org.br\/home\/#\/schema\/person\/affa494ecf91434f3620f5392de44327\",\"name\":\"Gabriel Barbosa\",\"image\":{\"@type\":\"ImageObject\",\"@id\":\"https:\/\/www.adf.org.br\/home\/#personlogo\",\"inLanguage\":\"pt-BR\",\"url\":\"https:\/\/secure.gravatar.com\/avatar\/ecf2eab02e30486a7038f8b2858de06a?s=96&d=mm&r=g\",\"contentUrl\":\"https:\/\/secure.gravatar.com\/avatar\/ecf2eab02e30486a7038f8b2858de06a?s=96&d=mm&r=g\",\"caption\":\"Gabriel Barbosa\"},\"url\":\"https:\/\/www.adf.org.br\/home\/author\/gabriel-aascj\/\"}]}<\/script>\n<!-- \/ Yoast SEO plugin. -->","yoast_head_json":{"title":"Um Conto de Natal: Alma aflita, Parte 2 - Associa\u00e7\u00e3o Devotos de F\u00e1tima","robots":{"index":"index","follow":"follow","max-snippet":"max-snippet:-1","max-image-preview":"max-image-preview:large","max-video-preview":"max-video-preview:-1"},"canonical":"https:\/\/www.adf.org.br\/home\/um-conto-de-natal-alma-aflita-parte-2\/","og_locale":"pt_BR","og_type":"article","og_title":"Um Conto de Natal: Alma aflita, Parte 2 - Associa\u00e7\u00e3o Devotos de F\u00e1tima","og_description":"Do fundo dos anos de indiferen\u00e7a, as palavras esquecidas h\u00e1 tanto tempo foram pouco a pouco emergindo em sua mem\u00f3ria: Lembrai-Vos, \u00f3 pi\u00edssima Virgem Maria, que nunca se ouviu dizer que algum daqueles que tenha recorrido \u00e0 vossa prote\u00e7\u00e3o, implorado vossa assist\u00eancia, reclamado vosso socorro, fosse por V\u00f3s desamparado. Animado eu, pois, com igual confian\u00e7a, [&hellip;]","og_url":"https:\/\/www.adf.org.br\/home\/um-conto-de-natal-alma-aflita-parte-2\/","og_site_name":"Associa\u00e7\u00e3o Devotos de F\u00e1tima","article_published_time":"2009-12-17T02:05:22+00:00","og_image":[{"url":"http:\/\/www.adf.org.br\/home\/wp-content\/uploads\/2009\/11\/contodenatal03.jpg"}],"twitter_card":"summary_large_image","twitter_misc":{"Escrito por":"Gabriel Barbosa","Est. tempo de leitura":"3 minutos"},"schema":{"@context":"https:\/\/schema.org","@graph":[{"@type":"WebSite","@id":"https:\/\/www.adf.org.br\/home\/#website","url":"https:\/\/www.adf.org.br\/home\/","name":"Associa\u00e7\u00e3o Devotos de F\u00e1tima","description":"Associa\u00e7\u00e3o Devotos de F\u00e1tima","potentialAction":[{"@type":"SearchAction","target":{"@type":"EntryPoint","urlTemplate":"https:\/\/www.adf.org.br\/home\/?s={search_term_string}"},"query-input":"required name=search_term_string"}],"inLanguage":"pt-BR"},{"@type":"ImageObject","@id":"https:\/\/www.adf.org.br\/home\/um-conto-de-natal-alma-aflita-parte-2\/#primaryimage","inLanguage":"pt-BR","url":"http:\/\/www.adf.org.br\/home\/wp-content\/uploads\/2009\/11\/contodenatal03.jpg","contentUrl":"http:\/\/www.adf.org.br\/home\/wp-content\/uploads\/2009\/11\/contodenatal03.jpg"},{"@type":"WebPage","@id":"https:\/\/www.adf.org.br\/home\/um-conto-de-natal-alma-aflita-parte-2\/#webpage","url":"https:\/\/www.adf.org.br\/home\/um-conto-de-natal-alma-aflita-parte-2\/","name":"Um Conto de Natal: Alma aflita, Parte 2 - Associa\u00e7\u00e3o Devotos de F\u00e1tima","isPartOf":{"@id":"https:\/\/www.adf.org.br\/home\/#website"},"primaryImageOfPage":{"@id":"https:\/\/www.adf.org.br\/home\/um-conto-de-natal-alma-aflita-parte-2\/#primaryimage"},"datePublished":"2009-12-17T02:05:22+00:00","dateModified":"2009-12-17T02:05:22+00:00","author":{"@id":"https:\/\/www.adf.org.br\/home\/#\/schema\/person\/affa494ecf91434f3620f5392de44327"},"breadcrumb":{"@id":"https:\/\/www.adf.org.br\/home\/um-conto-de-natal-alma-aflita-parte-2\/#breadcrumb"},"inLanguage":"pt-BR","potentialAction":[{"@type":"ReadAction","target":["https:\/\/www.adf.org.br\/home\/um-conto-de-natal-alma-aflita-parte-2\/"]}]},{"@type":"BreadcrumbList","@id":"https:\/\/www.adf.org.br\/home\/um-conto-de-natal-alma-aflita-parte-2\/#breadcrumb","itemListElement":[{"@type":"ListItem","position":1,"name":"Home","item":"https:\/\/www.adf.org.br\/home\/"},{"@type":"ListItem","position":2,"name":"Um Conto de Natal: Alma aflita, Parte 2"}]},{"@type":"Person","@id":"https:\/\/www.adf.org.br\/home\/#\/schema\/person\/affa494ecf91434f3620f5392de44327","name":"Gabriel Barbosa","image":{"@type":"ImageObject","@id":"https:\/\/www.adf.org.br\/home\/#personlogo","inLanguage":"pt-BR","url":"https:\/\/secure.gravatar.com\/avatar\/ecf2eab02e30486a7038f8b2858de06a?s=96&d=mm&r=g","contentUrl":"https:\/\/secure.gravatar.com\/avatar\/ecf2eab02e30486a7038f8b2858de06a?s=96&d=mm&r=g","caption":"Gabriel Barbosa"},"url":"https:\/\/www.adf.org.br\/home\/author\/gabriel-aascj\/"}]}},"_links":{"self":[{"href":"https:\/\/www.adf.org.br\/home\/wp-json\/wp\/v2\/posts\/1068"}],"collection":[{"href":"https:\/\/www.adf.org.br\/home\/wp-json\/wp\/v2\/posts"}],"about":[{"href":"https:\/\/www.adf.org.br\/home\/wp-json\/wp\/v2\/types\/post"}],"author":[{"embeddable":true,"href":"https:\/\/www.adf.org.br\/home\/wp-json\/wp\/v2\/users\/27"}],"replies":[{"embeddable":true,"href":"https:\/\/www.adf.org.br\/home\/wp-json\/wp\/v2\/comments?post=1068"}],"version-history":[{"count":0,"href":"https:\/\/www.adf.org.br\/home\/wp-json\/wp\/v2\/posts\/1068\/revisions"}],"wp:attachment":[{"href":"https:\/\/www.adf.org.br\/home\/wp-json\/wp\/v2\/media?parent=1068"}],"wp:term":[{"taxonomy":"category","embeddable":true,"href":"https:\/\/www.adf.org.br\/home\/wp-json\/wp\/v2\/categories?post=1068"},{"taxonomy":"post_tag","embeddable":true,"href":"https:\/\/www.adf.org.br\/home\/wp-json\/wp\/v2\/tags?post=1068"}],"curies":[{"name":"wp","href":"https:\/\/api.w.org\/{rel}","templated":true}]}}