{"id":10659,"date":"2011-09-19T00:00:48","date_gmt":"2011-09-19T03:00:48","guid":{"rendered":"http:\/\/www.adf.org.br\/home\/?p=10659"},"modified":"2011-09-19T00:00:48","modified_gmt":"2011-09-19T03:00:48","slug":"os-coracoes-de-jesus-e-maria-juntos-na-mesma-medalha-veja-como-receber-esta-medalha","status":"publish","type":"post","link":"https:\/\/www.adf.org.br\/home\/os-coracoes-de-jesus-e-maria-juntos-na-mesma-medalha-veja-como-receber-esta-medalha\/","title":{"rendered":"Os Cora\u00e7\u00f5es de Jesus e Maria juntos na mesma medalha. Veja como receber esta medalha"},"content":{"rendered":"<p><a href=\"http:\/\/www.adf.org.br\/medalha-coracoes\/?origem=1\" target=\"_blank\" rel=\"noopener noreferrer\"><img loading=\"lazy\" class=\"aligncenter size-full wp-image-10662\" title=\"medalha cora\u00e7\u00e3o\" src=\"http:\/\/www.adf.org.br\/home\/wp-content\/uploads\/2011\/09\/medalha-cora\u00e7\u00e3o.jpg\" alt=\"\" width=\"619\" height=\"185\" \/><\/a>Certa vez, a pastorinha Jacinta disse a sua prima L\u00facia, pouco tempo antes de falecer:<\/p>\n<p><span style=\"color: #800080;\"><span style=\"font-size: medium;\">\u201cDiga a todos que Deus nos concede as gra\u00e7as por meio do Cora\u00e7\u00e3o Imaculado do Maria; que pe\u00e7am a Ela, <strong>que o Cora\u00e7\u00e3o de Jesus quer que a Seu lado se venere o Cora\u00e7\u00e3o Imaculado de Maria<\/strong>\u201d.<\/span><\/span><\/p>\n<p><a href=\"http:\/\/www.adf.org.br\/medalha-coracoes\/?origem=1\" target=\"_blank\" rel=\"noopener noreferrer\"><img loading=\"lazy\" class=\"size-full wp-image-10665 alignright\" title=\"Medalha Cora\u00e7\u00f5es\" src=\"http:\/\/www.adf.org.br\/home\/wp-content\/uploads\/2011\/09\/Medalha-Cora\u00e7\u00f5es.jpg\" alt=\"\" width=\"127\" height=\"180\" \/><\/a>Foi pensando em uma maneira de atender este pedido de Jacinta que resolvemos fazer a Medalha dos Cora\u00e7\u00f5es de Jesus e Maria.<\/p>\n<p>E, assim como Jacinta queria, <a href=\"http:\/\/www.adf.org.br\/medalha-coracoes\/?origem=1\" target=\"_blank\" rel=\"noopener noreferrer\">voc\u00ea pode agora levar os dois Preciosos Cora\u00e7\u00f5es de Jesus e Maria, juntos ao seu cora\u00e7\u00e3o<\/a>, aonde quer que v\u00e1.<\/p>\n<p style=\"text-align: left;\">A <strong>Associa\u00e7\u00e3o Devotos de F\u00e1tima<\/strong> quer distribuir estas medalhinhas numa grande campanha nacional, e para isso conta com <a href=\"http:\/\/www.adf.org.br\/medalha-coracoes\/?origem=1\" target=\"_blank\" rel=\"noopener noreferrer\">sua doa\u00e7\u00e3o<\/a>. Ao faz\u00ea-la, uma Medalha dos Cora\u00e7\u00f5es de Jesus e Maria ser\u00e1 enviada para voc\u00ea pelo Correio.<\/p>\n<p style=\"text-align: left;\"><span style=\"font-size: small;\"><strong>Tenha certeza que sua ajuda ir\u00e1 aben\u00e7oar a vida de muitas pessoas em algum lugar do Brasil<\/strong>, que receber\u00e3o estas medalhinhas e se sentir\u00e3o amparadas pelo amor incondicional que Nossa Senhora e Seu Filho, Nosso Senhor Jesus Cristo, tem por todos n\u00f3s.<\/span><\/p>\n<p style=\"text-align: center;\"><span style=\"color: #800080;\"><span style=\"font-family: arial,helvetica,sans-serif;\"><span style=\"font-size: medium;\"><strong>E<\/strong><\/span><\/span><span style=\"font-size: medium;\"><span style=\"font-family: arial,helvetica,sans-serif;\"><strong>ste seu ato de f\u00e9 e solidariedade ainda atrair\u00e1 gra\u00e7as especiais para voc\u00ea e sua fam\u00edlia. <\/strong><\/span><\/span><\/span><\/p>\n<p><span style=\"font-size: large;\"><a href=\"http:\/\/www.adf.org.br\/medalha-coracoes\/?origem=1\" target=\"_blank\" rel=\"noopener noreferrer\">Veja aqui<\/a> como receber a Medalha dos Cora\u00e7\u00f5es de Jesus e Maria.<\/span><\/p>\n","protected":false},"excerpt":{"rendered":"<p>Certa vez, a pastorinha Jacinta disse a sua prima L\u00facia, pouco tempo antes de falecer: \u201cDiga a todos que Deus nos concede as gra\u00e7as por meio do Cora\u00e7\u00e3o Imaculado do Maria; que pe\u00e7am a Ela, que o Cora\u00e7\u00e3o de Jesus quer que a Seu lado se venere o Cora\u00e7\u00e3o Imaculado de Maria\u201d. Foi pensando em [&hellip;]<\/p>\n","protected":false},"author":31,"featured_media":0,"comment_status":"open","ping_status":"open","sticky":false,"template":"","format":"standard","meta":[],"categories":[20],"tags":[390],"yoast_head":"<!-- This site is optimized with the Yoast SEO plugin v17.4 - https:\/\/yoast.com\/wordpress\/plugins\/seo\/ -->\n<title>Os Cora\u00e7\u00f5es de Jesus e Maria juntos na mesma medalha. Veja como receber esta medalha - Associa\u00e7\u00e3o Devotos de F\u00e1tima<\/title>\n<meta name=\"robots\" content=\"index, follow, max-snippet:-1, max-image-preview:large, max-video-preview:-1\" \/>\n<link rel=\"canonical\" href=\"https:\/\/www.adf.org.br\/home\/os-coracoes-de-jesus-e-maria-juntos-na-mesma-medalha-veja-como-receber-esta-medalha\/\" \/>\n<meta property=\"og:locale\" content=\"pt_BR\" \/>\n<meta property=\"og:type\" content=\"article\" \/>\n<meta property=\"og:title\" content=\"Os Cora\u00e7\u00f5es de Jesus e Maria juntos na mesma medalha. Veja como receber esta medalha - Associa\u00e7\u00e3o Devotos de F\u00e1tima\" \/>\n<meta property=\"og:description\" content=\"Certa vez, a pastorinha Jacinta disse a sua prima L\u00facia, pouco tempo antes de falecer: \u201cDiga a todos que Deus nos concede as gra\u00e7as por meio do Cora\u00e7\u00e3o Imaculado do Maria; que pe\u00e7am a Ela, que o Cora\u00e7\u00e3o de Jesus quer que a Seu lado se venere o Cora\u00e7\u00e3o Imaculado de Maria\u201d. Foi pensando em [&hellip;]\" \/>\n<meta property=\"og:url\" content=\"https:\/\/www.adf.org.br\/home\/os-coracoes-de-jesus-e-maria-juntos-na-mesma-medalha-veja-como-receber-esta-medalha\/\" \/>\n<meta property=\"og:site_name\" content=\"Associa\u00e7\u00e3o Devotos de F\u00e1tima\" \/>\n<meta property=\"article:published_time\" content=\"2011-09-19T03:00:48+00:00\" \/>\n<meta property=\"og:image\" content=\"http:\/\/www.adf.org.br\/home\/wp-content\/uploads\/2011\/09\/medalha-cora\u00e7\u00e3o.jpg\" \/>\n<meta name=\"twitter:card\" content=\"summary_large_image\" \/>\n<meta name=\"twitter:label1\" content=\"Escrito por\" \/>\n\t<meta name=\"twitter:data1\" content=\"Gabriel Barbosa\" \/>\n\t<meta name=\"twitter:label2\" content=\"Est. tempo de leitura\" \/>\n\t<meta name=\"twitter:data2\" content=\"1 minuto\" \/>\n<script type=\"application\/ld+json\" class=\"yoast-schema-graph\">{\"@context\":\"https:\/\/schema.org\",\"@graph\":[{\"@type\":\"WebSite\",\"@id\":\"https:\/\/www.adf.org.br\/home\/#website\",\"url\":\"https:\/\/www.adf.org.br\/home\/\",\"name\":\"Associa\\u00e7\\u00e3o Devotos de F\\u00e1tima\",\"description\":\"Associa\\u00e7\\u00e3o Devotos de F\\u00e1tima\",\"potentialAction\":[{\"@type\":\"SearchAction\",\"target\":{\"@type\":\"EntryPoint\",\"urlTemplate\":\"https:\/\/www.adf.org.br\/home\/?s={search_term_string}\"},\"query-input\":\"required name=search_term_string\"}],\"inLanguage\":\"pt-BR\"},{\"@type\":\"ImageObject\",\"@id\":\"https:\/\/www.adf.org.br\/home\/os-coracoes-de-jesus-e-maria-juntos-na-mesma-medalha-veja-como-receber-esta-medalha\/#primaryimage\",\"inLanguage\":\"pt-BR\",\"url\":\"http:\/\/www.adf.org.br\/home\/wp-content\/uploads\/2011\/09\/medalha-cora\\u00e7\\u00e3o.jpg\",\"contentUrl\":\"http:\/\/www.adf.org.br\/home\/wp-content\/uploads\/2011\/09\/medalha-cora\\u00e7\\u00e3o.jpg\"},{\"@type\":\"WebPage\",\"@id\":\"https:\/\/www.adf.org.br\/home\/os-coracoes-de-jesus-e-maria-juntos-na-mesma-medalha-veja-como-receber-esta-medalha\/#webpage\",\"url\":\"https:\/\/www.adf.org.br\/home\/os-coracoes-de-jesus-e-maria-juntos-na-mesma-medalha-veja-como-receber-esta-medalha\/\",\"name\":\"Os Cora\\u00e7\\u00f5es de Jesus e Maria juntos na mesma medalha. Veja como receber esta medalha - Associa\\u00e7\\u00e3o Devotos de F\\u00e1tima\",\"isPartOf\":{\"@id\":\"https:\/\/www.adf.org.br\/home\/#website\"},\"primaryImageOfPage\":{\"@id\":\"https:\/\/www.adf.org.br\/home\/os-coracoes-de-jesus-e-maria-juntos-na-mesma-medalha-veja-como-receber-esta-medalha\/#primaryimage\"},\"datePublished\":\"2011-09-19T03:00:48+00:00\",\"dateModified\":\"2011-09-19T03:00:48+00:00\",\"author\":{\"@id\":\"https:\/\/www.adf.org.br\/home\/#\/schema\/person\/f35a5c5aa7728a3dedf4ea9aa1fc2753\"},\"breadcrumb\":{\"@id\":\"https:\/\/www.adf.org.br\/home\/os-coracoes-de-jesus-e-maria-juntos-na-mesma-medalha-veja-como-receber-esta-medalha\/#breadcrumb\"},\"inLanguage\":\"pt-BR\",\"potentialAction\":[{\"@type\":\"ReadAction\",\"target\":[\"https:\/\/www.adf.org.br\/home\/os-coracoes-de-jesus-e-maria-juntos-na-mesma-medalha-veja-como-receber-esta-medalha\/\"]}]},{\"@type\":\"BreadcrumbList\",\"@id\":\"https:\/\/www.adf.org.br\/home\/os-coracoes-de-jesus-e-maria-juntos-na-mesma-medalha-veja-como-receber-esta-medalha\/#breadcrumb\",\"itemListElement\":[{\"@type\":\"ListItem\",\"position\":1,\"name\":\"Home\",\"item\":\"https:\/\/www.adf.org.br\/home\/\"},{\"@type\":\"ListItem\",\"position\":2,\"name\":\"Os Cora\\u00e7\\u00f5es de Jesus e Maria juntos na mesma medalha. Veja como receber esta medalha\"}]},{\"@type\":\"Person\",\"@id\":\"https:\/\/www.adf.org.br\/home\/#\/schema\/person\/f35a5c5aa7728a3dedf4ea9aa1fc2753\",\"name\":\"Gabriel Barbosa\",\"image\":{\"@type\":\"ImageObject\",\"@id\":\"https:\/\/www.adf.org.br\/home\/#personlogo\",\"inLanguage\":\"pt-BR\",\"url\":\"https:\/\/secure.gravatar.com\/avatar\/2b2cb2f4637682c5605e8d36818f51ef?s=96&d=mm&r=g\",\"contentUrl\":\"https:\/\/secure.gravatar.com\/avatar\/2b2cb2f4637682c5605e8d36818f51ef?s=96&d=mm&r=g\",\"caption\":\"Gabriel Barbosa\"},\"url\":\"https:\/\/www.adf.org.br\/home\/author\/gabrielpmk-com-br\/\"}]}<\/script>\n<!-- \/ Yoast SEO plugin. -->","yoast_head_json":{"title":"Os Cora\u00e7\u00f5es de Jesus e Maria juntos na mesma medalha. Veja como receber esta medalha - Associa\u00e7\u00e3o Devotos de F\u00e1tima","robots":{"index":"index","follow":"follow","max-snippet":"max-snippet:-1","max-image-preview":"max-image-preview:large","max-video-preview":"max-video-preview:-1"},"canonical":"https:\/\/www.adf.org.br\/home\/os-coracoes-de-jesus-e-maria-juntos-na-mesma-medalha-veja-como-receber-esta-medalha\/","og_locale":"pt_BR","og_type":"article","og_title":"Os Cora\u00e7\u00f5es de Jesus e Maria juntos na mesma medalha. Veja como receber esta medalha - Associa\u00e7\u00e3o Devotos de F\u00e1tima","og_description":"Certa vez, a pastorinha Jacinta disse a sua prima L\u00facia, pouco tempo antes de falecer: \u201cDiga a todos que Deus nos concede as gra\u00e7as por meio do Cora\u00e7\u00e3o Imaculado do Maria; que pe\u00e7am a Ela, que o Cora\u00e7\u00e3o de Jesus quer que a Seu lado se venere o Cora\u00e7\u00e3o Imaculado de Maria\u201d. Foi pensando em [&hellip;]","og_url":"https:\/\/www.adf.org.br\/home\/os-coracoes-de-jesus-e-maria-juntos-na-mesma-medalha-veja-como-receber-esta-medalha\/","og_site_name":"Associa\u00e7\u00e3o Devotos de F\u00e1tima","article_published_time":"2011-09-19T03:00:48+00:00","og_image":[{"url":"http:\/\/www.adf.org.br\/home\/wp-content\/uploads\/2011\/09\/medalha-cora\u00e7\u00e3o.jpg"}],"twitter_card":"summary_large_image","twitter_misc":{"Escrito por":"Gabriel Barbosa","Est. tempo de leitura":"1 minuto"},"schema":{"@context":"https:\/\/schema.org","@graph":[{"@type":"WebSite","@id":"https:\/\/www.adf.org.br\/home\/#website","url":"https:\/\/www.adf.org.br\/home\/","name":"Associa\u00e7\u00e3o Devotos de F\u00e1tima","description":"Associa\u00e7\u00e3o Devotos de F\u00e1tima","potentialAction":[{"@type":"SearchAction","target":{"@type":"EntryPoint","urlTemplate":"https:\/\/www.adf.org.br\/home\/?s={search_term_string}"},"query-input":"required name=search_term_string"}],"inLanguage":"pt-BR"},{"@type":"ImageObject","@id":"https:\/\/www.adf.org.br\/home\/os-coracoes-de-jesus-e-maria-juntos-na-mesma-medalha-veja-como-receber-esta-medalha\/#primaryimage","inLanguage":"pt-BR","url":"http:\/\/www.adf.org.br\/home\/wp-content\/uploads\/2011\/09\/medalha-cora\u00e7\u00e3o.jpg","contentUrl":"http:\/\/www.adf.org.br\/home\/wp-content\/uploads\/2011\/09\/medalha-cora\u00e7\u00e3o.jpg"},{"@type":"WebPage","@id":"https:\/\/www.adf.org.br\/home\/os-coracoes-de-jesus-e-maria-juntos-na-mesma-medalha-veja-como-receber-esta-medalha\/#webpage","url":"https:\/\/www.adf.org.br\/home\/os-coracoes-de-jesus-e-maria-juntos-na-mesma-medalha-veja-como-receber-esta-medalha\/","name":"Os Cora\u00e7\u00f5es de Jesus e Maria juntos na mesma medalha. Veja como receber esta medalha - Associa\u00e7\u00e3o Devotos de F\u00e1tima","isPartOf":{"@id":"https:\/\/www.adf.org.br\/home\/#website"},"primaryImageOfPage":{"@id":"https:\/\/www.adf.org.br\/home\/os-coracoes-de-jesus-e-maria-juntos-na-mesma-medalha-veja-como-receber-esta-medalha\/#primaryimage"},"datePublished":"2011-09-19T03:00:48+00:00","dateModified":"2011-09-19T03:00:48+00:00","author":{"@id":"https:\/\/www.adf.org.br\/home\/#\/schema\/person\/f35a5c5aa7728a3dedf4ea9aa1fc2753"},"breadcrumb":{"@id":"https:\/\/www.adf.org.br\/home\/os-coracoes-de-jesus-e-maria-juntos-na-mesma-medalha-veja-como-receber-esta-medalha\/#breadcrumb"},"inLanguage":"pt-BR","potentialAction":[{"@type":"ReadAction","target":["https:\/\/www.adf.org.br\/home\/os-coracoes-de-jesus-e-maria-juntos-na-mesma-medalha-veja-como-receber-esta-medalha\/"]}]},{"@type":"BreadcrumbList","@id":"https:\/\/www.adf.org.br\/home\/os-coracoes-de-jesus-e-maria-juntos-na-mesma-medalha-veja-como-receber-esta-medalha\/#breadcrumb","itemListElement":[{"@type":"ListItem","position":1,"name":"Home","item":"https:\/\/www.adf.org.br\/home\/"},{"@type":"ListItem","position":2,"name":"Os Cora\u00e7\u00f5es de Jesus e Maria juntos na mesma medalha. Veja como receber esta medalha"}]},{"@type":"Person","@id":"https:\/\/www.adf.org.br\/home\/#\/schema\/person\/f35a5c5aa7728a3dedf4ea9aa1fc2753","name":"Gabriel Barbosa","image":{"@type":"ImageObject","@id":"https:\/\/www.adf.org.br\/home\/#personlogo","inLanguage":"pt-BR","url":"https:\/\/secure.gravatar.com\/avatar\/2b2cb2f4637682c5605e8d36818f51ef?s=96&d=mm&r=g","contentUrl":"https:\/\/secure.gravatar.com\/avatar\/2b2cb2f4637682c5605e8d36818f51ef?s=96&d=mm&r=g","caption":"Gabriel Barbosa"},"url":"https:\/\/www.adf.org.br\/home\/author\/gabrielpmk-com-br\/"}]}},"_links":{"self":[{"href":"https:\/\/www.adf.org.br\/home\/wp-json\/wp\/v2\/posts\/10659"}],"collection":[{"href":"https:\/\/www.adf.org.br\/home\/wp-json\/wp\/v2\/posts"}],"about":[{"href":"https:\/\/www.adf.org.br\/home\/wp-json\/wp\/v2\/types\/post"}],"author":[{"embeddable":true,"href":"https:\/\/www.adf.org.br\/home\/wp-json\/wp\/v2\/users\/31"}],"replies":[{"embeddable":true,"href":"https:\/\/www.adf.org.br\/home\/wp-json\/wp\/v2\/comments?post=10659"}],"version-history":[{"count":0,"href":"https:\/\/www.adf.org.br\/home\/wp-json\/wp\/v2\/posts\/10659\/revisions"}],"wp:attachment":[{"href":"https:\/\/www.adf.org.br\/home\/wp-json\/wp\/v2\/media?parent=10659"}],"wp:term":[{"taxonomy":"category","embeddable":true,"href":"https:\/\/www.adf.org.br\/home\/wp-json\/wp\/v2\/categories?post=10659"},{"taxonomy":"post_tag","embeddable":true,"href":"https:\/\/www.adf.org.br\/home\/wp-json\/wp\/v2\/tags?post=10659"}],"curies":[{"name":"wp","href":"https:\/\/api.w.org\/{rel}","templated":true}]}}