{"id":10592,"date":"2011-09-14T00:01:39","date_gmt":"2011-09-14T03:01:39","guid":{"rendered":"http:\/\/www.adf.org.br\/home\/?p=10592"},"modified":"2011-09-14T00:01:39","modified_gmt":"2011-09-14T03:01:39","slug":"10592-2","status":"publish","type":"post","link":"https:\/\/www.adf.org.br\/home\/10592-2\/","title":{"rendered":"Acenda a vela da sa\u00fade e veja Nossa Senhora fazendo um milagre em sua vida"},"content":{"rendered":"<p>O testemunho abaixo foi deixado no Orat\u00f3rio da Medalha Milagrosa. Veja como a intercess\u00e3o a Nossa Senhora \u00e9 eficaz em qualquer situa\u00e7\u00e3o.<\/p>\n<p><a href=\"http:\/\/www.adf.org.br\/vela-da-saude\/?origem=1\" target=\"_blank\" rel=\"noopener noreferrer\">Acenda agora mesmo uma vela da Sa\u00fade<\/a> por voc\u00ea e todos que precisam de conforto e cura.<\/p>\n<blockquote>\n<p><span style=\"color: #0000ff;\"><em>&#8220;Minha filha apresentou um c\u00e2ncer no \u00fatero e o m\u00e9dico disse que ela precisaria ficar 7 dias em um hospital , como eu n\u00e3o tinha condi\u00e7\u00f5es financeiras, \u00a0fiquei sem ch\u00e3o e ela desabou a chorar.<\/em><\/span><\/p>\n<p><span style=\"color: #0000ff;\"><em>Cheguei em casa, \u00a0orei e pedi que a Virgem Maria intercedesse por minha filha, pois ela \u00e9 quem iria conduzir toda esta triste situa\u00e7\u00e3o. No dia seguinte, nossa vizinha deu uma medalha de Nossa Senhora de F\u00e1tima a minha filha e ela colocou no pesco\u00e7o.<\/em><\/span><\/p>\n<p><span style=\"color: #0000ff;\"><em>A partir da\u00ed a Virgem Sant\u00edssima tomou conta de nossas vida. Encaminhou a cirurgia para um hospital p\u00fablico e tudo correu bem, principalmente porque o tumor havia diminu\u00eddo quase ao ponto de desaparecer. \u00a0Ap\u00f3s a cirurgia foram feitos alguns exames que mais uma vez confirmou o milagre da cura de minha filha. Obrigada minha M\u00e3e querida&#8221;. <\/em><em>(Marlene dos Passos)<\/em><\/span><a href=\"http:\/\/www.adf.org.br\/vela-da-saude\/?origem=1\" target=\"_blank\" rel=\"noopener noreferrer\"><img loading=\"lazy\" class=\"aligncenter size-full wp-image-10593\" title=\"banner_vela saude\" src=\"http:\/\/www.adf.org.br\/home\/wp-content\/uploads\/2011\/09\/banner_vela-saude.jpg\" alt=\"\" width=\"480\" height=\"191\" \/><\/a><\/p>\n<\/blockquote>\n<p><em><br \/>\n <\/em><\/p>\n","protected":false},"excerpt":{"rendered":"<p>O testemunho abaixo foi deixado no Orat\u00f3rio da Medalha Milagrosa. Veja como a intercess\u00e3o a Nossa Senhora \u00e9 eficaz em qualquer situa\u00e7\u00e3o. Acenda agora mesmo uma vela da Sa\u00fade por voc\u00ea e todos que precisam de conforto e cura. &#8220;Minha filha apresentou um c\u00e2ncer no \u00fatero e o m\u00e9dico disse que ela precisaria ficar 7 [&hellip;]<\/p>\n","protected":false},"author":31,"featured_media":0,"comment_status":"open","ping_status":"open","sticky":false,"template":"","format":"standard","meta":[],"categories":[20],"tags":[25,370],"yoast_head":"<!-- This site is optimized with the Yoast SEO plugin v17.4 - https:\/\/yoast.com\/wordpress\/plugins\/seo\/ -->\n<title>Acenda a vela da sa\u00fade e veja Nossa Senhora fazendo um milagre em sua vida - Associa\u00e7\u00e3o Devotos de F\u00e1tima<\/title>\n<meta name=\"robots\" content=\"index, follow, max-snippet:-1, max-image-preview:large, max-video-preview:-1\" \/>\n<link rel=\"canonical\" href=\"https:\/\/www.adf.org.br\/home\/10592-2\/\" \/>\n<meta property=\"og:locale\" content=\"pt_BR\" \/>\n<meta property=\"og:type\" content=\"article\" \/>\n<meta property=\"og:title\" content=\"Acenda a vela da sa\u00fade e veja Nossa Senhora fazendo um milagre em sua vida - Associa\u00e7\u00e3o Devotos de F\u00e1tima\" \/>\n<meta property=\"og:description\" content=\"O testemunho abaixo foi deixado no Orat\u00f3rio da Medalha Milagrosa. Veja como a intercess\u00e3o a Nossa Senhora \u00e9 eficaz em qualquer situa\u00e7\u00e3o. Acenda agora mesmo uma vela da Sa\u00fade por voc\u00ea e todos que precisam de conforto e cura. &#8220;Minha filha apresentou um c\u00e2ncer no \u00fatero e o m\u00e9dico disse que ela precisaria ficar 7 [&hellip;]\" \/>\n<meta property=\"og:url\" content=\"https:\/\/www.adf.org.br\/home\/10592-2\/\" \/>\n<meta property=\"og:site_name\" content=\"Associa\u00e7\u00e3o Devotos de F\u00e1tima\" \/>\n<meta property=\"article:published_time\" content=\"2011-09-14T03:01:39+00:00\" \/>\n<meta property=\"og:image\" content=\"http:\/\/www.adf.org.br\/home\/wp-content\/uploads\/2011\/09\/banner_vela-saude.jpg\" \/>\n<meta name=\"twitter:card\" content=\"summary_large_image\" \/>\n<meta name=\"twitter:label1\" content=\"Escrito por\" \/>\n\t<meta name=\"twitter:data1\" content=\"Gabriel Barbosa\" \/>\n\t<meta name=\"twitter:label2\" content=\"Est. tempo de leitura\" \/>\n\t<meta name=\"twitter:data2\" content=\"1 minuto\" \/>\n<script type=\"application\/ld+json\" class=\"yoast-schema-graph\">{\"@context\":\"https:\/\/schema.org\",\"@graph\":[{\"@type\":\"WebSite\",\"@id\":\"https:\/\/www.adf.org.br\/home\/#website\",\"url\":\"https:\/\/www.adf.org.br\/home\/\",\"name\":\"Associa\\u00e7\\u00e3o Devotos de F\\u00e1tima\",\"description\":\"Associa\\u00e7\\u00e3o Devotos de F\\u00e1tima\",\"potentialAction\":[{\"@type\":\"SearchAction\",\"target\":{\"@type\":\"EntryPoint\",\"urlTemplate\":\"https:\/\/www.adf.org.br\/home\/?s={search_term_string}\"},\"query-input\":\"required name=search_term_string\"}],\"inLanguage\":\"pt-BR\"},{\"@type\":\"ImageObject\",\"@id\":\"https:\/\/www.adf.org.br\/home\/10592-2\/#primaryimage\",\"inLanguage\":\"pt-BR\",\"url\":\"http:\/\/www.adf.org.br\/home\/wp-content\/uploads\/2011\/09\/banner_vela-saude.jpg\",\"contentUrl\":\"http:\/\/www.adf.org.br\/home\/wp-content\/uploads\/2011\/09\/banner_vela-saude.jpg\"},{\"@type\":\"WebPage\",\"@id\":\"https:\/\/www.adf.org.br\/home\/10592-2\/#webpage\",\"url\":\"https:\/\/www.adf.org.br\/home\/10592-2\/\",\"name\":\"Acenda a vela da sa\\u00fade e veja Nossa Senhora fazendo um milagre em sua vida - Associa\\u00e7\\u00e3o Devotos de F\\u00e1tima\",\"isPartOf\":{\"@id\":\"https:\/\/www.adf.org.br\/home\/#website\"},\"primaryImageOfPage\":{\"@id\":\"https:\/\/www.adf.org.br\/home\/10592-2\/#primaryimage\"},\"datePublished\":\"2011-09-14T03:01:39+00:00\",\"dateModified\":\"2011-09-14T03:01:39+00:00\",\"author\":{\"@id\":\"https:\/\/www.adf.org.br\/home\/#\/schema\/person\/f35a5c5aa7728a3dedf4ea9aa1fc2753\"},\"breadcrumb\":{\"@id\":\"https:\/\/www.adf.org.br\/home\/10592-2\/#breadcrumb\"},\"inLanguage\":\"pt-BR\",\"potentialAction\":[{\"@type\":\"ReadAction\",\"target\":[\"https:\/\/www.adf.org.br\/home\/10592-2\/\"]}]},{\"@type\":\"BreadcrumbList\",\"@id\":\"https:\/\/www.adf.org.br\/home\/10592-2\/#breadcrumb\",\"itemListElement\":[{\"@type\":\"ListItem\",\"position\":1,\"name\":\"Home\",\"item\":\"https:\/\/www.adf.org.br\/home\/\"},{\"@type\":\"ListItem\",\"position\":2,\"name\":\"Acenda a vela da sa\\u00fade e veja Nossa Senhora fazendo um milagre em sua vida\"}]},{\"@type\":\"Person\",\"@id\":\"https:\/\/www.adf.org.br\/home\/#\/schema\/person\/f35a5c5aa7728a3dedf4ea9aa1fc2753\",\"name\":\"Gabriel Barbosa\",\"image\":{\"@type\":\"ImageObject\",\"@id\":\"https:\/\/www.adf.org.br\/home\/#personlogo\",\"inLanguage\":\"pt-BR\",\"url\":\"https:\/\/secure.gravatar.com\/avatar\/2b2cb2f4637682c5605e8d36818f51ef?s=96&d=mm&r=g\",\"contentUrl\":\"https:\/\/secure.gravatar.com\/avatar\/2b2cb2f4637682c5605e8d36818f51ef?s=96&d=mm&r=g\",\"caption\":\"Gabriel Barbosa\"},\"url\":\"https:\/\/www.adf.org.br\/home\/author\/gabrielpmk-com-br\/\"}]}<\/script>\n<!-- \/ Yoast SEO plugin. -->","yoast_head_json":{"title":"Acenda a vela da sa\u00fade e veja Nossa Senhora fazendo um milagre em sua vida - Associa\u00e7\u00e3o Devotos de F\u00e1tima","robots":{"index":"index","follow":"follow","max-snippet":"max-snippet:-1","max-image-preview":"max-image-preview:large","max-video-preview":"max-video-preview:-1"},"canonical":"https:\/\/www.adf.org.br\/home\/10592-2\/","og_locale":"pt_BR","og_type":"article","og_title":"Acenda a vela da sa\u00fade e veja Nossa Senhora fazendo um milagre em sua vida - Associa\u00e7\u00e3o Devotos de F\u00e1tima","og_description":"O testemunho abaixo foi deixado no Orat\u00f3rio da Medalha Milagrosa. Veja como a intercess\u00e3o a Nossa Senhora \u00e9 eficaz em qualquer situa\u00e7\u00e3o. Acenda agora mesmo uma vela da Sa\u00fade por voc\u00ea e todos que precisam de conforto e cura. &#8220;Minha filha apresentou um c\u00e2ncer no \u00fatero e o m\u00e9dico disse que ela precisaria ficar 7 [&hellip;]","og_url":"https:\/\/www.adf.org.br\/home\/10592-2\/","og_site_name":"Associa\u00e7\u00e3o Devotos de F\u00e1tima","article_published_time":"2011-09-14T03:01:39+00:00","og_image":[{"url":"http:\/\/www.adf.org.br\/home\/wp-content\/uploads\/2011\/09\/banner_vela-saude.jpg"}],"twitter_card":"summary_large_image","twitter_misc":{"Escrito por":"Gabriel Barbosa","Est. tempo de leitura":"1 minuto"},"schema":{"@context":"https:\/\/schema.org","@graph":[{"@type":"WebSite","@id":"https:\/\/www.adf.org.br\/home\/#website","url":"https:\/\/www.adf.org.br\/home\/","name":"Associa\u00e7\u00e3o Devotos de F\u00e1tima","description":"Associa\u00e7\u00e3o Devotos de F\u00e1tima","potentialAction":[{"@type":"SearchAction","target":{"@type":"EntryPoint","urlTemplate":"https:\/\/www.adf.org.br\/home\/?s={search_term_string}"},"query-input":"required name=search_term_string"}],"inLanguage":"pt-BR"},{"@type":"ImageObject","@id":"https:\/\/www.adf.org.br\/home\/10592-2\/#primaryimage","inLanguage":"pt-BR","url":"http:\/\/www.adf.org.br\/home\/wp-content\/uploads\/2011\/09\/banner_vela-saude.jpg","contentUrl":"http:\/\/www.adf.org.br\/home\/wp-content\/uploads\/2011\/09\/banner_vela-saude.jpg"},{"@type":"WebPage","@id":"https:\/\/www.adf.org.br\/home\/10592-2\/#webpage","url":"https:\/\/www.adf.org.br\/home\/10592-2\/","name":"Acenda a vela da sa\u00fade e veja Nossa Senhora fazendo um milagre em sua vida - Associa\u00e7\u00e3o Devotos de F\u00e1tima","isPartOf":{"@id":"https:\/\/www.adf.org.br\/home\/#website"},"primaryImageOfPage":{"@id":"https:\/\/www.adf.org.br\/home\/10592-2\/#primaryimage"},"datePublished":"2011-09-14T03:01:39+00:00","dateModified":"2011-09-14T03:01:39+00:00","author":{"@id":"https:\/\/www.adf.org.br\/home\/#\/schema\/person\/f35a5c5aa7728a3dedf4ea9aa1fc2753"},"breadcrumb":{"@id":"https:\/\/www.adf.org.br\/home\/10592-2\/#breadcrumb"},"inLanguage":"pt-BR","potentialAction":[{"@type":"ReadAction","target":["https:\/\/www.adf.org.br\/home\/10592-2\/"]}]},{"@type":"BreadcrumbList","@id":"https:\/\/www.adf.org.br\/home\/10592-2\/#breadcrumb","itemListElement":[{"@type":"ListItem","position":1,"name":"Home","item":"https:\/\/www.adf.org.br\/home\/"},{"@type":"ListItem","position":2,"name":"Acenda a vela da sa\u00fade e veja Nossa Senhora fazendo um milagre em sua vida"}]},{"@type":"Person","@id":"https:\/\/www.adf.org.br\/home\/#\/schema\/person\/f35a5c5aa7728a3dedf4ea9aa1fc2753","name":"Gabriel Barbosa","image":{"@type":"ImageObject","@id":"https:\/\/www.adf.org.br\/home\/#personlogo","inLanguage":"pt-BR","url":"https:\/\/secure.gravatar.com\/avatar\/2b2cb2f4637682c5605e8d36818f51ef?s=96&d=mm&r=g","contentUrl":"https:\/\/secure.gravatar.com\/avatar\/2b2cb2f4637682c5605e8d36818f51ef?s=96&d=mm&r=g","caption":"Gabriel Barbosa"},"url":"https:\/\/www.adf.org.br\/home\/author\/gabrielpmk-com-br\/"}]}},"_links":{"self":[{"href":"https:\/\/www.adf.org.br\/home\/wp-json\/wp\/v2\/posts\/10592"}],"collection":[{"href":"https:\/\/www.adf.org.br\/home\/wp-json\/wp\/v2\/posts"}],"about":[{"href":"https:\/\/www.adf.org.br\/home\/wp-json\/wp\/v2\/types\/post"}],"author":[{"embeddable":true,"href":"https:\/\/www.adf.org.br\/home\/wp-json\/wp\/v2\/users\/31"}],"replies":[{"embeddable":true,"href":"https:\/\/www.adf.org.br\/home\/wp-json\/wp\/v2\/comments?post=10592"}],"version-history":[{"count":0,"href":"https:\/\/www.adf.org.br\/home\/wp-json\/wp\/v2\/posts\/10592\/revisions"}],"wp:attachment":[{"href":"https:\/\/www.adf.org.br\/home\/wp-json\/wp\/v2\/media?parent=10592"}],"wp:term":[{"taxonomy":"category","embeddable":true,"href":"https:\/\/www.adf.org.br\/home\/wp-json\/wp\/v2\/categories?post=10592"},{"taxonomy":"post_tag","embeddable":true,"href":"https:\/\/www.adf.org.br\/home\/wp-json\/wp\/v2\/tags?post=10592"}],"curies":[{"name":"wp","href":"https:\/\/api.w.org\/{rel}","templated":true}]}}