{"id":10513,"date":"2020-09-08T08:00:28","date_gmt":"2020-09-08T11:00:28","guid":{"rendered":"http:\/\/www.adf.org.br\/home\/?p=10513"},"modified":"2020-09-03T14:49:30","modified_gmt":"2020-09-03T17:49:30","slug":"natividade-de-nossa-senhora","status":"publish","type":"post","link":"https:\/\/www.adf.org.br\/home\/natividade-de-nossa-senhora\/","title":{"rendered":"Hoje \u00e9 o dia da Natividade de Nossa Senhora. Veja o motivo desta data ser t\u00e3o especial!"},"content":{"rendered":"<h5 style=\"padding-left: 90px; text-align: center;\"><span style=\"color: #800080;\"><strong><span style=\"font-family: verdana, geneva, sans-serif; font-size: 12pt;\"><span style=\"color: #ffffff;\"><a href=\"https:\/\/adf.org.br\/velario\/suplicas?origem=15884\" target=\"_blank\" rel=\"noopener noreferrer\"><img loading=\"lazy\" class=\"alignnone wp-image-41555\" src=\"http:\/\/www.adf.org.br\/home\/wp-content\/uploads\/2012\/09\/Natividade-de-Nossa-Senhora..jpg\" alt=\"Natividade de Nossa Senhora.\" width=\"357\" height=\"427\" \/><\/a>.<\/span><br \/>\n<\/span><\/strong><\/span><\/h5>\n<h5 style=\"padding-left: 90px; text-align: left;\"><span style=\"color: #800080;\"><strong><span style=\"font-family: verdana, geneva, sans-serif; font-size: 12pt;\">Precisamente nove meses depois de comemorar a Imaculada Concei\u00e7\u00e3o da Virgem, a Igreja celebra a festividade da sua Natividade;<\/span><\/strong><\/span><\/h5>\n<p><span style=\"font-family: verdana, geneva, sans-serif; color: #000000; font-size: 12pt;\"><span style=\"font-size: 14pt;\"><strong>A<\/strong><\/span>ssim se exprimiu o Padre Ant\u00f4nio Vieira sobre essa celebra\u00e7\u00e3o:<\/span><\/p>\n<p><span style=\"font-family: verdana, geneva, sans-serif; color: #000000; font-size: 12pt;\">\u201cQuereis saber qu\u00e3o feliz, qu\u00e3o alto \u00e9 e qu\u00e3o digno de ser festejado o Nascimento de Maria? Vede o para que nasceu. Nasceu para que dEla nascesse Deus. (\u2026)<\/span><\/p>\n<p><strong><span style=\"font-family: verdana, geneva, sans-serif; color: #000000; font-size: 12pt;\">Perguntai aos enfermos para que nasce esta celestial Menina, dir-vos-\u00e3o que nasce para Senhora da Sa\u00fade; perguntai aos pobres, dir\u00e3o que nasce para Senhora dos Rem\u00e9dios;<\/span><\/strong><\/p>\n<p><span style=\"font-family: verdana, geneva, sans-serif; color: #000000; font-size: 12pt;\">Perguntai aos desamparados, dir\u00e3o que nasce para Senhora do Amparo; perguntai aos desconsolados, dir\u00e3o que nasce para Senhora da Consola\u00e7\u00e3o; perguntai aos tristes, dir\u00e3o que nasce para Senhora dos Prazeres;<\/span><\/p>\n<p style=\"padding-left: 90px;\"><span style=\"color: #800080;\"><strong><span style=\"font-family: verdana, geneva, sans-serif; font-size: 12pt;\">Perguntai aos desesperados, dir\u00e3o que nasce para Senhora da Esperan\u00e7a.<\/span><\/strong><\/span><\/p>\n<p><span style=\"font-family: verdana, geneva, sans-serif; color: #000000; font-size: 12pt;\">Os cegos dir\u00e3o que nasce para Senhora da Luz; os discordes, para Senhora da Paz; os desencaminhados, para Senhora da Guia; os cativos, para Senhora do Livramento; os cercados, para Senhora da Vit\u00f3ria.<\/span><\/p>\n<p style=\"padding-left: 90px;\"><span style=\"color: #800080;\"><strong><span style=\"font-family: verdana, geneva, sans-serif; font-size: 12pt;\">Dir\u00e3o os pleiteantes que nasce para Senhora do Bom Despacho; os navegantes, para Senhora da Boa Viagem; os temerosos da sua fortuna, para Senhora do Bom Sucesso;<\/span><\/strong><\/span><\/p>\n<p><span style=\"font-family: verdana, geneva, sans-serif; color: #000000; font-size: 12pt;\">Os desconfiados da vida, para Senhora da Boa Morte; os pecadores todos, para Senhora da Gra\u00e7a; e todos os seus devotos, para Senhora da Gl\u00f3ria.<\/span><\/p>\n<p><span style=\"font-family: verdana, geneva, sans-serif; color: #000000; font-size: 12pt;\">E se todas estas vozes se unirem em uma s\u00f3 voz, dir\u00e3o que nasce para ser Maria e M\u00e3e de Jesus\u201d (Serm\u00e3o do Nascimento da M\u00e3e de Deus).<\/span><span style=\"font-family: verdana, geneva, sans-serif; color: #ffffff; font-size: 12pt;\">.<\/span><\/p>\n<p style=\"text-align: right;\"><span style=\"font-family: verdana, geneva, sans-serif; color: #000000; font-size: 12pt;\"><em>Extra\u00eddo do livro: \u201cCada dia tem seu Santo\u2026\u201d de A de Fran\u00e7a Andrade<\/em><\/span><span style=\"font-family: verdana, geneva, sans-serif; color: #ffffff; font-size: 12pt;\">.<\/span><\/p>\n<hr \/>\n<p><span style=\"color: #ffffff;\">.<\/span><\/p>\n<p style=\"text-align: center;\"><span style=\"font-family: verdana, geneva, sans-serif; color: #000080; font-size: 12pt;\"><strong>Para todas as situa\u00e7\u00f5es, conte com a intercess\u00e3o da Virgem Sant\u00edssima!<\/strong><\/span><\/p>\n<p style=\"text-align: center;\"><a href=\"https:\/\/adf.org.br\/velario\/suplicas?origem=15884\" target=\"_blank\" rel=\"noopener noreferrer\"><img loading=\"lazy\" class=\"alignnone wp-image-53731\" src=\"https:\/\/www.adf.org.br\/home\/wp-content\/uploads\/2019\/08\/Nossa-Senhora-Fundo-Transparente-210x300.png\" alt=\"Nossa Senhora - Fundo Transparente\" width=\"193\" height=\"277\" \/><\/a><\/p>\n<p style=\"text-align: center;\"><span style=\"color: #000000; font-size: medium; font-family: verdana, geneva;\">Ligue agora para nossa Central de Ora\u00e7\u00f5es e inclua seus pedidos na<br \/>\n<strong>Santa Missa dedicada \u00e0 Nossa Senhora!\u00a0<\/strong><\/span><\/p>\n<p style=\"text-align: center;\"><span style=\"color: #000000; font-size: large; font-family: verdana, geneva;\"><strong>Ligue gr\u00e1tis para:<\/strong><\/span><\/p>\n<p style=\"text-align: center;\"><a href=\"tel:08006082128\" target=\"_blank\" rel=\"noopener noreferrer\"><strong><span style=\"font-family: verdana, geneva, sans-serif; color: #0000ff; font-size: 24pt;\">0800 608 2128<\/span><\/strong><\/a><\/p>\n<p style=\"text-align: center;\"><span style=\"font-family: verdana, geneva, sans-serif; color: #000000; font-size: 12pt;\"><strong>Dica:<\/strong> Se estiver no celular, somente tecle no n\u00famero para discar automaticamente.<\/span><\/p>\n<p>&nbsp;<\/p>\n<p><span style=\"color: #ff0000;\">A Virgem de F\u00e1tima\u00a0<strong>poder\u00e1 cumular voc\u00ea com gra\u00e7as e muito mais!\u00a0<\/strong><\/span><\/p>\n<p><span style=\"color: #000000;\">Portanto,\u00a0<strong>n\u00e3o hesite em pedir aquilo que voc\u00ea mais precisa \u00e0 Nossa Senhora de F\u00e1tima<\/strong>! <\/span><\/p>\n<p><span style=\"color: #000000;\">Tenha f\u00e9. <a href=\"https:\/\/adf.org.br\/velario\/suplicas?origem=15884\" target=\"_blank\" rel=\"noopener noreferrer\"><strong><span style=\"color: #0000ff;\">Ela<\/span><\/strong><\/a> interceder\u00e1 por voc\u00ea.<\/span><\/p>\n<p><span style=\"color: #000000;\">Se n\u00e3o conseguir falar conosco por telefone,<\/span>\u00a0<span style=\"color: #0000ff;\"><a style=\"color: #0000ff;\" href=\"https:\/\/adf.org.br\/velario\/suplicas?origem=15884\" target=\"_blank\" rel=\"noopener noreferrer\"><strong>clique aqui<\/strong><\/a><\/span> <span style=\"color: #000000;\">ou na imagem abaixo e registre suas preces.<\/span><\/p>\n<p><b><i><a href=\"https:\/\/adf.org.br\/velario\/suplicas?origem=15884\" target=\"_blank\" rel=\"noopener noreferrer\"><img loading=\"lazy\" class=\"aligncenter wp-image-56988\" src=\"https:\/\/i1.wp.com\/www.adf.org.br\/home\/wp-content\/uploads\/2020\/01\/Nossa-Senhora-Imagem-Destacada-7-1.jpg\" alt=\"\" width=\"413\" height=\"262\" \/><\/a><\/i><\/b><span style=\"color: #ffffff;\">.<\/span><\/p>\n","protected":false},"excerpt":{"rendered":"<p>. Precisamente nove meses depois de comemorar a Imaculada Concei\u00e7\u00e3o da Virgem, a Igreja celebra a festividade da sua Natividade; Assim se exprimiu o Padre Ant\u00f4nio Vieira sobre essa celebra\u00e7\u00e3o: \u201cQuereis saber qu\u00e3o feliz, qu\u00e3o alto \u00e9 e qu\u00e3o digno de ser festejado o Nascimento de Maria? Vede o para que nasceu. Nasceu para que [&hellip;]<\/p>\n","protected":false},"author":31,"featured_media":61454,"comment_status":"open","ping_status":"open","sticky":false,"template":"","format":"standard","meta":[],"categories":[20,2473,60,2621,56,2547],"tags":[291,242,38,57,470,313],"yoast_head":"<!-- This site is optimized with the Yoast SEO plugin v17.4 - https:\/\/yoast.com\/wordpress\/plugins\/seo\/ -->\n<title>Hoje \u00e9 o dia da Natividade de Nossa Senhora<\/title>\n<meta name=\"description\" content=\"Hoje a Igreja celebra a Natividade de Nossa Senhora, a M\u00e3e de Nosso Senhor Jesus Cristo. Confira esse artigo e veja a grandiosidade de Maria.\" \/>\n<meta name=\"robots\" content=\"index, follow, max-snippet:-1, max-image-preview:large, max-video-preview:-1\" \/>\n<link rel=\"canonical\" href=\"https:\/\/www.adf.org.br\/home\/natividade-de-nossa-senhora\/\" \/>\n<meta property=\"og:locale\" content=\"pt_BR\" \/>\n<meta property=\"og:type\" content=\"article\" \/>\n<meta property=\"og:title\" content=\"Hoje \u00e9 o dia da Natividade de Nossa Senhora\" \/>\n<meta property=\"og:description\" content=\"Hoje a Igreja celebra a Natividade de Nossa Senhora, a M\u00e3e de Nosso Senhor Jesus Cristo. Confira esse artigo e veja a grandiosidade de Maria.\" \/>\n<meta property=\"og:url\" content=\"https:\/\/www.adf.org.br\/home\/natividade-de-nossa-senhora\/\" \/>\n<meta property=\"og:site_name\" content=\"Associa\u00e7\u00e3o Devotos de F\u00e1tima\" \/>\n<meta property=\"article:published_time\" content=\"2020-09-08T11:00:28+00:00\" \/>\n<meta property=\"article:modified_time\" content=\"2020-09-03T17:49:30+00:00\" \/>\n<meta property=\"og:image\" content=\"https:\/\/www.adf.org.br\/home\/wp-content\/uploads\/2020\/09\/post-08.09.jpg\" \/>\n\t<meta property=\"og:image:width\" content=\"300\" \/>\n\t<meta property=\"og:image:height\" content=\"358\" \/>\n<meta name=\"twitter:card\" content=\"summary_large_image\" \/>\n<meta name=\"twitter:label1\" content=\"Escrito por\" \/>\n\t<meta name=\"twitter:data1\" content=\"Gabriel Barbosa\" \/>\n\t<meta name=\"twitter:label2\" content=\"Est. tempo de leitura\" \/>\n\t<meta name=\"twitter:data2\" content=\"2 minutos\" \/>\n<script type=\"application\/ld+json\" class=\"yoast-schema-graph\">{\"@context\":\"https:\/\/schema.org\",\"@graph\":[{\"@type\":\"WebSite\",\"@id\":\"https:\/\/www.adf.org.br\/home\/#website\",\"url\":\"https:\/\/www.adf.org.br\/home\/\",\"name\":\"Associa\\u00e7\\u00e3o Devotos de F\\u00e1tima\",\"description\":\"Associa\\u00e7\\u00e3o Devotos de F\\u00e1tima\",\"potentialAction\":[{\"@type\":\"SearchAction\",\"target\":{\"@type\":\"EntryPoint\",\"urlTemplate\":\"https:\/\/www.adf.org.br\/home\/?s={search_term_string}\"},\"query-input\":\"required name=search_term_string\"}],\"inLanguage\":\"pt-BR\"},{\"@type\":\"ImageObject\",\"@id\":\"https:\/\/www.adf.org.br\/home\/natividade-de-nossa-senhora\/#primaryimage\",\"inLanguage\":\"pt-BR\",\"url\":\"https:\/\/www.adf.org.br\/home\/wp-content\/uploads\/2020\/09\/post-08.09.jpg\",\"contentUrl\":\"https:\/\/www.adf.org.br\/home\/wp-content\/uploads\/2020\/09\/post-08.09.jpg\",\"width\":300,\"height\":358},{\"@type\":\"WebPage\",\"@id\":\"https:\/\/www.adf.org.br\/home\/natividade-de-nossa-senhora\/#webpage\",\"url\":\"https:\/\/www.adf.org.br\/home\/natividade-de-nossa-senhora\/\",\"name\":\"Hoje \\u00e9 o dia da Natividade de Nossa Senhora\",\"isPartOf\":{\"@id\":\"https:\/\/www.adf.org.br\/home\/#website\"},\"primaryImageOfPage\":{\"@id\":\"https:\/\/www.adf.org.br\/home\/natividade-de-nossa-senhora\/#primaryimage\"},\"datePublished\":\"2020-09-08T11:00:28+00:00\",\"dateModified\":\"2020-09-03T17:49:30+00:00\",\"author\":{\"@id\":\"https:\/\/www.adf.org.br\/home\/#\/schema\/person\/f35a5c5aa7728a3dedf4ea9aa1fc2753\"},\"description\":\"Hoje a Igreja celebra a Natividade de Nossa Senhora, a M\\u00e3e de Nosso Senhor Jesus Cristo. Confira esse artigo e veja a grandiosidade de Maria.\",\"breadcrumb\":{\"@id\":\"https:\/\/www.adf.org.br\/home\/natividade-de-nossa-senhora\/#breadcrumb\"},\"inLanguage\":\"pt-BR\",\"potentialAction\":[{\"@type\":\"ReadAction\",\"target\":[\"https:\/\/www.adf.org.br\/home\/natividade-de-nossa-senhora\/\"]}]},{\"@type\":\"BreadcrumbList\",\"@id\":\"https:\/\/www.adf.org.br\/home\/natividade-de-nossa-senhora\/#breadcrumb\",\"itemListElement\":[{\"@type\":\"ListItem\",\"position\":1,\"name\":\"Home\",\"item\":\"https:\/\/www.adf.org.br\/home\/\"},{\"@type\":\"ListItem\",\"position\":2,\"name\":\"Hoje \\u00e9 o dia da Natividade de Nossa Senhora. Veja o motivo desta data ser t\\u00e3o especial!\"}]},{\"@type\":\"Person\",\"@id\":\"https:\/\/www.adf.org.br\/home\/#\/schema\/person\/f35a5c5aa7728a3dedf4ea9aa1fc2753\",\"name\":\"Gabriel Barbosa\",\"image\":{\"@type\":\"ImageObject\",\"@id\":\"https:\/\/www.adf.org.br\/home\/#personlogo\",\"inLanguage\":\"pt-BR\",\"url\":\"https:\/\/secure.gravatar.com\/avatar\/2b2cb2f4637682c5605e8d36818f51ef?s=96&d=mm&r=g\",\"contentUrl\":\"https:\/\/secure.gravatar.com\/avatar\/2b2cb2f4637682c5605e8d36818f51ef?s=96&d=mm&r=g\",\"caption\":\"Gabriel Barbosa\"},\"url\":\"https:\/\/www.adf.org.br\/home\/author\/gabrielpmk-com-br\/\"}]}<\/script>\n<!-- \/ Yoast SEO plugin. -->","yoast_head_json":{"title":"Hoje \u00e9 o dia da Natividade de Nossa Senhora","description":"Hoje a Igreja celebra a Natividade de Nossa Senhora, a M\u00e3e de Nosso Senhor Jesus Cristo. Confira esse artigo e veja a grandiosidade de Maria.","robots":{"index":"index","follow":"follow","max-snippet":"max-snippet:-1","max-image-preview":"max-image-preview:large","max-video-preview":"max-video-preview:-1"},"canonical":"https:\/\/www.adf.org.br\/home\/natividade-de-nossa-senhora\/","og_locale":"pt_BR","og_type":"article","og_title":"Hoje \u00e9 o dia da Natividade de Nossa Senhora","og_description":"Hoje a Igreja celebra a Natividade de Nossa Senhora, a M\u00e3e de Nosso Senhor Jesus Cristo. Confira esse artigo e veja a grandiosidade de Maria.","og_url":"https:\/\/www.adf.org.br\/home\/natividade-de-nossa-senhora\/","og_site_name":"Associa\u00e7\u00e3o Devotos de F\u00e1tima","article_published_time":"2020-09-08T11:00:28+00:00","article_modified_time":"2020-09-03T17:49:30+00:00","og_image":[{"width":300,"height":358,"url":"https:\/\/www.adf.org.br\/home\/wp-content\/uploads\/2020\/09\/post-08.09.jpg","type":"image\/jpeg"}],"twitter_card":"summary_large_image","twitter_misc":{"Escrito por":"Gabriel Barbosa","Est. tempo de leitura":"2 minutos"},"schema":{"@context":"https:\/\/schema.org","@graph":[{"@type":"WebSite","@id":"https:\/\/www.adf.org.br\/home\/#website","url":"https:\/\/www.adf.org.br\/home\/","name":"Associa\u00e7\u00e3o Devotos de F\u00e1tima","description":"Associa\u00e7\u00e3o Devotos de F\u00e1tima","potentialAction":[{"@type":"SearchAction","target":{"@type":"EntryPoint","urlTemplate":"https:\/\/www.adf.org.br\/home\/?s={search_term_string}"},"query-input":"required name=search_term_string"}],"inLanguage":"pt-BR"},{"@type":"ImageObject","@id":"https:\/\/www.adf.org.br\/home\/natividade-de-nossa-senhora\/#primaryimage","inLanguage":"pt-BR","url":"https:\/\/www.adf.org.br\/home\/wp-content\/uploads\/2020\/09\/post-08.09.jpg","contentUrl":"https:\/\/www.adf.org.br\/home\/wp-content\/uploads\/2020\/09\/post-08.09.jpg","width":300,"height":358},{"@type":"WebPage","@id":"https:\/\/www.adf.org.br\/home\/natividade-de-nossa-senhora\/#webpage","url":"https:\/\/www.adf.org.br\/home\/natividade-de-nossa-senhora\/","name":"Hoje \u00e9 o dia da Natividade de Nossa Senhora","isPartOf":{"@id":"https:\/\/www.adf.org.br\/home\/#website"},"primaryImageOfPage":{"@id":"https:\/\/www.adf.org.br\/home\/natividade-de-nossa-senhora\/#primaryimage"},"datePublished":"2020-09-08T11:00:28+00:00","dateModified":"2020-09-03T17:49:30+00:00","author":{"@id":"https:\/\/www.adf.org.br\/home\/#\/schema\/person\/f35a5c5aa7728a3dedf4ea9aa1fc2753"},"description":"Hoje a Igreja celebra a Natividade de Nossa Senhora, a M\u00e3e de Nosso Senhor Jesus Cristo. Confira esse artigo e veja a grandiosidade de Maria.","breadcrumb":{"@id":"https:\/\/www.adf.org.br\/home\/natividade-de-nossa-senhora\/#breadcrumb"},"inLanguage":"pt-BR","potentialAction":[{"@type":"ReadAction","target":["https:\/\/www.adf.org.br\/home\/natividade-de-nossa-senhora\/"]}]},{"@type":"BreadcrumbList","@id":"https:\/\/www.adf.org.br\/home\/natividade-de-nossa-senhora\/#breadcrumb","itemListElement":[{"@type":"ListItem","position":1,"name":"Home","item":"https:\/\/www.adf.org.br\/home\/"},{"@type":"ListItem","position":2,"name":"Hoje \u00e9 o dia da Natividade de Nossa Senhora. Veja o motivo desta data ser t\u00e3o especial!"}]},{"@type":"Person","@id":"https:\/\/www.adf.org.br\/home\/#\/schema\/person\/f35a5c5aa7728a3dedf4ea9aa1fc2753","name":"Gabriel Barbosa","image":{"@type":"ImageObject","@id":"https:\/\/www.adf.org.br\/home\/#personlogo","inLanguage":"pt-BR","url":"https:\/\/secure.gravatar.com\/avatar\/2b2cb2f4637682c5605e8d36818f51ef?s=96&d=mm&r=g","contentUrl":"https:\/\/secure.gravatar.com\/avatar\/2b2cb2f4637682c5605e8d36818f51ef?s=96&d=mm&r=g","caption":"Gabriel Barbosa"},"url":"https:\/\/www.adf.org.br\/home\/author\/gabrielpmk-com-br\/"}]}},"_links":{"self":[{"href":"https:\/\/www.adf.org.br\/home\/wp-json\/wp\/v2\/posts\/10513"}],"collection":[{"href":"https:\/\/www.adf.org.br\/home\/wp-json\/wp\/v2\/posts"}],"about":[{"href":"https:\/\/www.adf.org.br\/home\/wp-json\/wp\/v2\/types\/post"}],"author":[{"embeddable":true,"href":"https:\/\/www.adf.org.br\/home\/wp-json\/wp\/v2\/users\/31"}],"replies":[{"embeddable":true,"href":"https:\/\/www.adf.org.br\/home\/wp-json\/wp\/v2\/comments?post=10513"}],"version-history":[{"count":18,"href":"https:\/\/www.adf.org.br\/home\/wp-json\/wp\/v2\/posts\/10513\/revisions"}],"predecessor-version":[{"id":61437,"href":"https:\/\/www.adf.org.br\/home\/wp-json\/wp\/v2\/posts\/10513\/revisions\/61437"}],"wp:featuredmedia":[{"embeddable":true,"href":"https:\/\/www.adf.org.br\/home\/wp-json\/wp\/v2\/media\/61454"}],"wp:attachment":[{"href":"https:\/\/www.adf.org.br\/home\/wp-json\/wp\/v2\/media?parent=10513"}],"wp:term":[{"taxonomy":"category","embeddable":true,"href":"https:\/\/www.adf.org.br\/home\/wp-json\/wp\/v2\/categories?post=10513"},{"taxonomy":"post_tag","embeddable":true,"href":"https:\/\/www.adf.org.br\/home\/wp-json\/wp\/v2\/tags?post=10513"}],"curies":[{"name":"wp","href":"https:\/\/api.w.org\/{rel}","templated":true}]}}