{"id":10485,"date":"2011-09-06T17:27:19","date_gmt":"2011-09-06T20:27:19","guid":{"rendered":"http:\/\/www.adf.org.br\/home\/?p=10485"},"modified":"2011-09-06T17:27:19","modified_gmt":"2011-09-06T20:27:19","slug":"estatuto-do-nascituro-iv-marcha-nacional-contra-o-aborto-em-brasilia","status":"publish","type":"post","link":"https:\/\/www.adf.org.br\/home\/estatuto-do-nascituro-iv-marcha-nacional-contra-o-aborto-em-brasilia\/","title":{"rendered":"ESTATUTO DO NASCITURO \u2014 IV Marcha Nacional contra o aborto em Bras\u00edlia"},"content":{"rendered":"<p><strong><a rel=\"attachment wp-att-10486\" href=\"http:\/\/www.adf.org.br\/home\/2011\/09\/estatuto-do-nascituro-%e2%80%94-iv-marcha-nacional-contra-o-aborto-em-brasilia\/marcha-contra-o-aborto-em-brasilia\/\"><img loading=\"lazy\" class=\"alignleft size-full wp-image-10486\" title=\"Marcha contra o aborto em Brasilia\" src=\"http:\/\/www.adf.org.br\/home\/wp-content\/uploads\/2011\/09\/Marcha-contra-o-aborto-em-Brasilia.jpg\" alt=\"\" width=\"320\" height=\"214\" \/><\/a>R<\/strong>ealizou-se em Bras\u00edlia, no dia 31 p.p., a <em><strong>\u201c4\u00aa Marcha Nacional contra o aborto\u201d<\/strong><\/em>, cujo tema foi: <em><strong>\u201cQuero viver! Voc\u00ea me ajuda?\u201d.<\/strong><\/em><\/p>\n<p> A manifesta\u00e7\u00e3o teve in\u00edcio em frente \u00e0 biblioteca p\u00fablica de Bras\u00edlia e  percorreu cerca de tr\u00eas quil\u00f4metros at\u00e9 alcan\u00e7ar o Congresso Nacional.  Milhares de pessoas bradavam: <em><strong>\u201cVida sim, aborto n\u00e3o!\u201d<\/strong><\/em> ou <em><strong>\u201cQueremos a aprova\u00e7\u00e3o do Estatuto do Nascituro!\u201d.<\/strong><\/em><\/p>\n<p> E realmente, segundo os organizadores, este foi o objetivo da marcha: pedir a imediata aprova\u00e7\u00e3o do <strong>projeto de lei 478\/2007<\/strong>, conhecido como <strong>Estatuto do Nascituro<\/strong>. <em><strong>\u201cN\u00f3s  estamos aqui nesta marcha para procurar a aprova\u00e7\u00e3o do Estatuto do  Nascituro e garantir os direitos dessa crian\u00e7a desde a sua concep\u00e7\u00e3o. O  aborto \u00e9 uma forma de viol\u00eancia, \u00e9 um atentado \u00e0 vida. Tamb\u00e9m queremos  defender os direitos da m\u00e3e gestante para que a crian\u00e7a possa vir a  nascer bem\u201d<\/strong><\/em>, disse Lenice Garcia, presidente do <strong>Movimento Nacional de Cidadania pela Vida \u2013 Brasil Sem Aborto<\/strong>.<a rel=\"attachment wp-att-10487\" href=\"http:\/\/www.adf.org.br\/home\/2011\/09\/estatuto-do-nascituro-%e2%80%94-iv-marcha-nacional-contra-o-aborto-em-brasilia\/marcha-contra-o-aborto-em-brasilia-2\/\"><img loading=\"lazy\" class=\"alignright size-full wp-image-10487\" title=\"Marcha contra o aborto em Brasilia\" src=\"http:\/\/www.adf.org.br\/home\/wp-content\/uploads\/2011\/09\/Marcha-contra-o-aborto-em-Brasilia-2.jpg\" alt=\"\" width=\"320\" height=\"240\" \/><\/a><\/p>\n<p>A manifesta\u00e7\u00e3o contou com a presen\u00e7a de v\u00e1rios parlamentares, dentre  eles o Dep. Senador Zimbaldi (PDT-SP), que ao ser perguntado sobre se a  marcha teria alguma repercuss\u00e3o real, disse: <em><strong>\u201cN\u00e3o tenho a menor d\u00favida, ela visa chamar a aten\u00e7\u00e3o da sociedade para todos os projetos que atentam contra a vida\u201d.<\/strong><\/em><\/p>\n<p> Os organizadores ainda ressaltam que v\u00e3o entregar um abaixo assinado de mais de <strong>50 mil assinaturas<\/strong> ao presidente da C\u00e2mara dos Deputados, Marco Maia (PT-RS), <strong>pela aprova\u00e7\u00e3o do Estatuto do Nascituro.<\/strong><\/p>\n<p> <strong>Como \u00e9 de costume, a m\u00eddia brasileira deu pouco destaque a essa  manifesta\u00e7\u00e3o. <\/strong>No principal jornal de Bras\u00edlia, \u201cCorreio Braziliense\u201d,  sequer uma palavra sobre o evento foi dita. Se fosse um magote de  desordeiros pedindo a aprova\u00e7\u00e3o do aborto ou do homossexualismo, com  certeza teriam toda a cobertura midi\u00e1tica\u2026 por qu\u00ea ser\u00e1?<\/p>\n<p><a href=\"http:\/\/www.oratoriodamedalhamilagrosa.org.br\/vela-da-vida\/?origem=1\" target=\"_blank\" rel=\"noopener noreferrer\"><img loading=\"lazy\" class=\"aligncenter size-full wp-image-10488\" title=\"vela da vida\" src=\"http:\/\/www.adf.org.br\/home\/wp-content\/uploads\/2011\/09\/vela-da-vida2.jpg\" alt=\"\" width=\"452\" height=\"182\" \/><\/a><\/p>\n<p><em>Fonte: Blog da Fam\u00edlia<\/em><\/p>\n","protected":false},"excerpt":{"rendered":"<p>Realizou-se em Bras\u00edlia, no dia 31 p.p., a \u201c4\u00aa Marcha Nacional contra o aborto\u201d, cujo tema foi: \u201cQuero viver! Voc\u00ea me ajuda?\u201d. A manifesta\u00e7\u00e3o teve in\u00edcio em frente \u00e0 biblioteca p\u00fablica de Bras\u00edlia e percorreu cerca de tr\u00eas quil\u00f4metros at\u00e9 alcan\u00e7ar o Congresso Nacional. Milhares de pessoas bradavam: \u201cVida sim, aborto n\u00e3o!\u201d ou \u201cQueremos a [&hellip;]<\/p>\n","protected":false},"author":31,"featured_media":0,"comment_status":"open","ping_status":"open","sticky":false,"template":"","format":"standard","meta":[],"categories":[20],"tags":[83,392],"yoast_head":"<!-- This site is optimized with the Yoast SEO plugin v17.4 - https:\/\/yoast.com\/wordpress\/plugins\/seo\/ -->\n<title>ESTATUTO DO NASCITURO \u2014 IV Marcha Nacional contra o aborto em Bras\u00edlia - Associa\u00e7\u00e3o Devotos de F\u00e1tima<\/title>\n<meta name=\"robots\" content=\"index, follow, max-snippet:-1, max-image-preview:large, max-video-preview:-1\" \/>\n<link rel=\"canonical\" href=\"https:\/\/www.adf.org.br\/home\/estatuto-do-nascituro-iv-marcha-nacional-contra-o-aborto-em-brasilia\/\" \/>\n<meta property=\"og:locale\" content=\"pt_BR\" \/>\n<meta property=\"og:type\" content=\"article\" \/>\n<meta property=\"og:title\" content=\"ESTATUTO DO NASCITURO \u2014 IV Marcha Nacional contra o aborto em Bras\u00edlia - Associa\u00e7\u00e3o Devotos de F\u00e1tima\" \/>\n<meta property=\"og:description\" content=\"Realizou-se em Bras\u00edlia, no dia 31 p.p., a \u201c4\u00aa Marcha Nacional contra o aborto\u201d, cujo tema foi: \u201cQuero viver! Voc\u00ea me ajuda?\u201d. A manifesta\u00e7\u00e3o teve in\u00edcio em frente \u00e0 biblioteca p\u00fablica de Bras\u00edlia e percorreu cerca de tr\u00eas quil\u00f4metros at\u00e9 alcan\u00e7ar o Congresso Nacional. Milhares de pessoas bradavam: \u201cVida sim, aborto n\u00e3o!\u201d ou \u201cQueremos a [&hellip;]\" \/>\n<meta property=\"og:url\" content=\"https:\/\/www.adf.org.br\/home\/estatuto-do-nascituro-iv-marcha-nacional-contra-o-aborto-em-brasilia\/\" \/>\n<meta property=\"og:site_name\" content=\"Associa\u00e7\u00e3o Devotos de F\u00e1tima\" \/>\n<meta property=\"article:published_time\" content=\"2011-09-06T20:27:19+00:00\" \/>\n<meta property=\"og:image\" content=\"http:\/\/www.adf.org.br\/home\/wp-content\/uploads\/2011\/09\/Marcha-contra-o-aborto-em-Brasilia.jpg\" \/>\n<meta name=\"twitter:card\" content=\"summary_large_image\" \/>\n<meta name=\"twitter:label1\" content=\"Escrito por\" \/>\n\t<meta name=\"twitter:data1\" content=\"Gabriel Barbosa\" \/>\n\t<meta name=\"twitter:label2\" content=\"Est. tempo de leitura\" \/>\n\t<meta name=\"twitter:data2\" content=\"2 minutos\" \/>\n<script type=\"application\/ld+json\" class=\"yoast-schema-graph\">{\"@context\":\"https:\/\/schema.org\",\"@graph\":[{\"@type\":\"WebSite\",\"@id\":\"https:\/\/www.adf.org.br\/home\/#website\",\"url\":\"https:\/\/www.adf.org.br\/home\/\",\"name\":\"Associa\\u00e7\\u00e3o Devotos de F\\u00e1tima\",\"description\":\"Associa\\u00e7\\u00e3o Devotos de F\\u00e1tima\",\"potentialAction\":[{\"@type\":\"SearchAction\",\"target\":{\"@type\":\"EntryPoint\",\"urlTemplate\":\"https:\/\/www.adf.org.br\/home\/?s={search_term_string}\"},\"query-input\":\"required name=search_term_string\"}],\"inLanguage\":\"pt-BR\"},{\"@type\":\"ImageObject\",\"@id\":\"https:\/\/www.adf.org.br\/home\/estatuto-do-nascituro-iv-marcha-nacional-contra-o-aborto-em-brasilia\/#primaryimage\",\"inLanguage\":\"pt-BR\",\"url\":\"http:\/\/www.adf.org.br\/home\/wp-content\/uploads\/2011\/09\/Marcha-contra-o-aborto-em-Brasilia.jpg\",\"contentUrl\":\"http:\/\/www.adf.org.br\/home\/wp-content\/uploads\/2011\/09\/Marcha-contra-o-aborto-em-Brasilia.jpg\"},{\"@type\":\"WebPage\",\"@id\":\"https:\/\/www.adf.org.br\/home\/estatuto-do-nascituro-iv-marcha-nacional-contra-o-aborto-em-brasilia\/#webpage\",\"url\":\"https:\/\/www.adf.org.br\/home\/estatuto-do-nascituro-iv-marcha-nacional-contra-o-aborto-em-brasilia\/\",\"name\":\"ESTATUTO DO NASCITURO \\u2014 IV Marcha Nacional contra o aborto em Bras\\u00edlia - Associa\\u00e7\\u00e3o Devotos de F\\u00e1tima\",\"isPartOf\":{\"@id\":\"https:\/\/www.adf.org.br\/home\/#website\"},\"primaryImageOfPage\":{\"@id\":\"https:\/\/www.adf.org.br\/home\/estatuto-do-nascituro-iv-marcha-nacional-contra-o-aborto-em-brasilia\/#primaryimage\"},\"datePublished\":\"2011-09-06T20:27:19+00:00\",\"dateModified\":\"2011-09-06T20:27:19+00:00\",\"author\":{\"@id\":\"https:\/\/www.adf.org.br\/home\/#\/schema\/person\/f35a5c5aa7728a3dedf4ea9aa1fc2753\"},\"breadcrumb\":{\"@id\":\"https:\/\/www.adf.org.br\/home\/estatuto-do-nascituro-iv-marcha-nacional-contra-o-aborto-em-brasilia\/#breadcrumb\"},\"inLanguage\":\"pt-BR\",\"potentialAction\":[{\"@type\":\"ReadAction\",\"target\":[\"https:\/\/www.adf.org.br\/home\/estatuto-do-nascituro-iv-marcha-nacional-contra-o-aborto-em-brasilia\/\"]}]},{\"@type\":\"BreadcrumbList\",\"@id\":\"https:\/\/www.adf.org.br\/home\/estatuto-do-nascituro-iv-marcha-nacional-contra-o-aborto-em-brasilia\/#breadcrumb\",\"itemListElement\":[{\"@type\":\"ListItem\",\"position\":1,\"name\":\"Home\",\"item\":\"https:\/\/www.adf.org.br\/home\/\"},{\"@type\":\"ListItem\",\"position\":2,\"name\":\"ESTATUTO DO NASCITURO \\u2014 IV Marcha Nacional contra o aborto em Bras\\u00edlia\"}]},{\"@type\":\"Person\",\"@id\":\"https:\/\/www.adf.org.br\/home\/#\/schema\/person\/f35a5c5aa7728a3dedf4ea9aa1fc2753\",\"name\":\"Gabriel Barbosa\",\"image\":{\"@type\":\"ImageObject\",\"@id\":\"https:\/\/www.adf.org.br\/home\/#personlogo\",\"inLanguage\":\"pt-BR\",\"url\":\"https:\/\/secure.gravatar.com\/avatar\/2b2cb2f4637682c5605e8d36818f51ef?s=96&d=mm&r=g\",\"contentUrl\":\"https:\/\/secure.gravatar.com\/avatar\/2b2cb2f4637682c5605e8d36818f51ef?s=96&d=mm&r=g\",\"caption\":\"Gabriel Barbosa\"},\"url\":\"https:\/\/www.adf.org.br\/home\/author\/gabrielpmk-com-br\/\"}]}<\/script>\n<!-- \/ Yoast SEO plugin. -->","yoast_head_json":{"title":"ESTATUTO DO NASCITURO \u2014 IV Marcha Nacional contra o aborto em Bras\u00edlia - Associa\u00e7\u00e3o Devotos de F\u00e1tima","robots":{"index":"index","follow":"follow","max-snippet":"max-snippet:-1","max-image-preview":"max-image-preview:large","max-video-preview":"max-video-preview:-1"},"canonical":"https:\/\/www.adf.org.br\/home\/estatuto-do-nascituro-iv-marcha-nacional-contra-o-aborto-em-brasilia\/","og_locale":"pt_BR","og_type":"article","og_title":"ESTATUTO DO NASCITURO \u2014 IV Marcha Nacional contra o aborto em Bras\u00edlia - Associa\u00e7\u00e3o Devotos de F\u00e1tima","og_description":"Realizou-se em Bras\u00edlia, no dia 31 p.p., a \u201c4\u00aa Marcha Nacional contra o aborto\u201d, cujo tema foi: \u201cQuero viver! Voc\u00ea me ajuda?\u201d. A manifesta\u00e7\u00e3o teve in\u00edcio em frente \u00e0 biblioteca p\u00fablica de Bras\u00edlia e percorreu cerca de tr\u00eas quil\u00f4metros at\u00e9 alcan\u00e7ar o Congresso Nacional. Milhares de pessoas bradavam: \u201cVida sim, aborto n\u00e3o!\u201d ou \u201cQueremos a [&hellip;]","og_url":"https:\/\/www.adf.org.br\/home\/estatuto-do-nascituro-iv-marcha-nacional-contra-o-aborto-em-brasilia\/","og_site_name":"Associa\u00e7\u00e3o Devotos de F\u00e1tima","article_published_time":"2011-09-06T20:27:19+00:00","og_image":[{"url":"http:\/\/www.adf.org.br\/home\/wp-content\/uploads\/2011\/09\/Marcha-contra-o-aborto-em-Brasilia.jpg"}],"twitter_card":"summary_large_image","twitter_misc":{"Escrito por":"Gabriel Barbosa","Est. tempo de leitura":"2 minutos"},"schema":{"@context":"https:\/\/schema.org","@graph":[{"@type":"WebSite","@id":"https:\/\/www.adf.org.br\/home\/#website","url":"https:\/\/www.adf.org.br\/home\/","name":"Associa\u00e7\u00e3o Devotos de F\u00e1tima","description":"Associa\u00e7\u00e3o Devotos de F\u00e1tima","potentialAction":[{"@type":"SearchAction","target":{"@type":"EntryPoint","urlTemplate":"https:\/\/www.adf.org.br\/home\/?s={search_term_string}"},"query-input":"required name=search_term_string"}],"inLanguage":"pt-BR"},{"@type":"ImageObject","@id":"https:\/\/www.adf.org.br\/home\/estatuto-do-nascituro-iv-marcha-nacional-contra-o-aborto-em-brasilia\/#primaryimage","inLanguage":"pt-BR","url":"http:\/\/www.adf.org.br\/home\/wp-content\/uploads\/2011\/09\/Marcha-contra-o-aborto-em-Brasilia.jpg","contentUrl":"http:\/\/www.adf.org.br\/home\/wp-content\/uploads\/2011\/09\/Marcha-contra-o-aborto-em-Brasilia.jpg"},{"@type":"WebPage","@id":"https:\/\/www.adf.org.br\/home\/estatuto-do-nascituro-iv-marcha-nacional-contra-o-aborto-em-brasilia\/#webpage","url":"https:\/\/www.adf.org.br\/home\/estatuto-do-nascituro-iv-marcha-nacional-contra-o-aborto-em-brasilia\/","name":"ESTATUTO DO NASCITURO \u2014 IV Marcha Nacional contra o aborto em Bras\u00edlia - Associa\u00e7\u00e3o Devotos de F\u00e1tima","isPartOf":{"@id":"https:\/\/www.adf.org.br\/home\/#website"},"primaryImageOfPage":{"@id":"https:\/\/www.adf.org.br\/home\/estatuto-do-nascituro-iv-marcha-nacional-contra-o-aborto-em-brasilia\/#primaryimage"},"datePublished":"2011-09-06T20:27:19+00:00","dateModified":"2011-09-06T20:27:19+00:00","author":{"@id":"https:\/\/www.adf.org.br\/home\/#\/schema\/person\/f35a5c5aa7728a3dedf4ea9aa1fc2753"},"breadcrumb":{"@id":"https:\/\/www.adf.org.br\/home\/estatuto-do-nascituro-iv-marcha-nacional-contra-o-aborto-em-brasilia\/#breadcrumb"},"inLanguage":"pt-BR","potentialAction":[{"@type":"ReadAction","target":["https:\/\/www.adf.org.br\/home\/estatuto-do-nascituro-iv-marcha-nacional-contra-o-aborto-em-brasilia\/"]}]},{"@type":"BreadcrumbList","@id":"https:\/\/www.adf.org.br\/home\/estatuto-do-nascituro-iv-marcha-nacional-contra-o-aborto-em-brasilia\/#breadcrumb","itemListElement":[{"@type":"ListItem","position":1,"name":"Home","item":"https:\/\/www.adf.org.br\/home\/"},{"@type":"ListItem","position":2,"name":"ESTATUTO DO NASCITURO \u2014 IV Marcha Nacional contra o aborto em Bras\u00edlia"}]},{"@type":"Person","@id":"https:\/\/www.adf.org.br\/home\/#\/schema\/person\/f35a5c5aa7728a3dedf4ea9aa1fc2753","name":"Gabriel Barbosa","image":{"@type":"ImageObject","@id":"https:\/\/www.adf.org.br\/home\/#personlogo","inLanguage":"pt-BR","url":"https:\/\/secure.gravatar.com\/avatar\/2b2cb2f4637682c5605e8d36818f51ef?s=96&d=mm&r=g","contentUrl":"https:\/\/secure.gravatar.com\/avatar\/2b2cb2f4637682c5605e8d36818f51ef?s=96&d=mm&r=g","caption":"Gabriel Barbosa"},"url":"https:\/\/www.adf.org.br\/home\/author\/gabrielpmk-com-br\/"}]}},"_links":{"self":[{"href":"https:\/\/www.adf.org.br\/home\/wp-json\/wp\/v2\/posts\/10485"}],"collection":[{"href":"https:\/\/www.adf.org.br\/home\/wp-json\/wp\/v2\/posts"}],"about":[{"href":"https:\/\/www.adf.org.br\/home\/wp-json\/wp\/v2\/types\/post"}],"author":[{"embeddable":true,"href":"https:\/\/www.adf.org.br\/home\/wp-json\/wp\/v2\/users\/31"}],"replies":[{"embeddable":true,"href":"https:\/\/www.adf.org.br\/home\/wp-json\/wp\/v2\/comments?post=10485"}],"version-history":[{"count":0,"href":"https:\/\/www.adf.org.br\/home\/wp-json\/wp\/v2\/posts\/10485\/revisions"}],"wp:attachment":[{"href":"https:\/\/www.adf.org.br\/home\/wp-json\/wp\/v2\/media?parent=10485"}],"wp:term":[{"taxonomy":"category","embeddable":true,"href":"https:\/\/www.adf.org.br\/home\/wp-json\/wp\/v2\/categories?post=10485"},{"taxonomy":"post_tag","embeddable":true,"href":"https:\/\/www.adf.org.br\/home\/wp-json\/wp\/v2\/tags?post=10485"}],"curies":[{"name":"wp","href":"https:\/\/api.w.org\/{rel}","templated":true}]}}