{"id":10476,"date":"2011-09-08T00:00:36","date_gmt":"2011-09-08T03:00:36","guid":{"rendered":"http:\/\/www.adf.org.br\/home\/?p=10476"},"modified":"2011-09-08T00:00:36","modified_gmt":"2011-09-08T03:00:36","slug":"diario-de-um-bebe-que-esta-por-nascer","status":"publish","type":"post","link":"https:\/\/www.adf.org.br\/home\/diario-de-um-bebe-que-esta-por-nascer\/","title":{"rendered":"Di\u00e1rio de um beb\u00ea que est\u00e1 por nascer"},"content":{"rendered":"<p><a href=\"http:\/\/www.oratoriodamedalhamilagrosa.org.br\/vela-da-vida\/?origem=1\" target=\"_blank\" rel=\"noopener noreferrer\"><img loading=\"lazy\" class=\"aligncenter size-full wp-image-10477\" title=\"vela da vida\" src=\"http:\/\/www.adf.org.br\/home\/wp-content\/uploads\/2011\/09\/vela-da-vida_11.jpg\" alt=\"\" width=\"600\" height=\"164\" \/><\/a><\/p>\n<p><strong>5 de outubro: <\/strong>Hoje  come\u00e7a minha vida, meu pais ainda n\u00e3o sabem. Sou t\u00e3o pequena quanto uma  semente de ma\u00e7\u00e3, mas j\u00e1 existo e sou \u00fanica no mundo e diferente de  todas as demais. E, apesar de quase n\u00e3o ter forma ainda, serei uma  menina. Terei cabelos loiros e olhos azuis, e sei que gostarei muito de  flores. Os cientistas diriam que tudo isto j\u00e1 tenho impresso no meu  c\u00f3digo gen\u00e9tico.<\/p>\n<p><strong>19 de outubro: <\/strong>Cresci  um pouco, mas ainda sou muito pequena para poder fazer algo por mim   mesma. A mam\u00e3e faz tudo por  mim. Mas o mais  engra\u00e7ado \u00e9 que nem sabe  que  est\u00e1 me carregando consigo, precisamente debaixo de seu cora\u00e7\u00e3o,  alimentando-me com seu pr\u00f3prio sangue.<\/p>\n<p><strong>23 de outubro:<\/strong> Minha boca come\u00e7a a tomar forma. Parece incr\u00edvel! Dentro de um ano,  mais ou menos, estarei  rindo, e mais tarde j\u00e1 poderei falar. A partir  de agora sei qual ser\u00e1 minha primeira palavra: Mam\u00e3e: Quem se atreve a  dizer que  ainda n\u00e3o sou uma pessoa viva? \u00c9 claro que sou, tal como a  diminuta migalha de p\u00e3o \u00e9 verdadeiramente p\u00e3o.<\/p>\n<p><strong>27 de outubro:<\/strong> Hoje meu cora\u00e7\u00e3o come\u00e7ou a bater sozinho. De agora em diante bater\u00e1  constantemente toda minha vida, sem parar para descansar. Ent\u00e3o, depois  de muitos anos, se sentir\u00e1 cansado e ir\u00e1 parar e eu morrerei de forma  natural. Mas agora n\u00e3o estou no final, e sim no come\u00e7o da minha vida.<\/p>\n<p><strong> <a rel=\"attachment wp-att-10481\" href=\"http:\/\/www.adf.org.br\/home\/2011\/09\/diario-de-um-bebe-que-esta-por-nascer\/feto-science-photo-library\/\"><img loading=\"lazy\" class=\"alignright size-medium wp-image-10481\" title=\"feto-science-photo-library\" src=\"http:\/\/www.adf.org.br\/home\/wp-content\/uploads\/2011\/09\/feto-science-photo-library-300x215.png\" alt=\"\" width=\"300\" height=\"215\" \/><\/a>2 de novembro: <\/strong>A  cada dia cres\u00e7o um pouquinho, meus bra\u00e7os e pernas est\u00e3o tomando forma.  Mas quanto terei  de esperar at\u00e9 que minhas perninhas me levem correndo  para os bra\u00e7os da minha m\u00e3e, at\u00e9 que meus bra\u00e7os possam abra\u00e7ar meu  pai!<\/p>\n<p><strong>12 de novembro:<\/strong> Em minha m\u00e3os come\u00e7am a se formar alguns pequeninos dedos. \u00c9 estranho  como s\u00e3o pequenos; contudo, como ser\u00e3o maravilhosos! Acariciar\u00e3o um  cachorrinho, lan\u00e7ar\u00e3o uma bola, ir\u00e3o recolher flores, tocar\u00e3o outra m\u00e3o.  Talvez algun dia meus dedos possam tocar violino ou pintar um quadro.<\/p>\n<p><strong>20 de novembro:<\/strong> Hoje o m\u00e9dico anunciou a minha mam\u00e3e pela primeira vez, que eu estou  vivendo aqui debaixo do seu cora\u00e7\u00e3o. N\u00e3o se sentes feliz mam\u00e3ezinha?  Logo estarei em teus bra\u00e7os!<\/p>\n<p><strong>25 de novembro: <\/strong>Meus  pais ainda n\u00e3o sabem que sou uma menina, talvez esperam um menino. Ou  talvez g\u00eameos! Mas lhes darei uma surpresa; quero me chamar Catarina,  como minha m\u00e3e.<\/p>\n<p><strong>13 de dezembro:<\/strong> J\u00e1 posso ver um pouquinho, mas estou rodeada ainda pela escurid\u00e3o. Mas  logo, meu olhos se abrir\u00e3o para o mundo do sol, das flores, e dos  sonhos. Nunca vi o mar, nem uma montanha,  nem mesmo o arco iris. Como  ser\u00e3o na realidade? Como \u00e9 voc\u00ea, mam\u00e3e?<\/p>\n<p><strong>24 de dezembro: <\/strong>Mam\u00e3e,  posso ouvir teu cora\u00e7\u00e3o bater. Voc\u00ea pode ouvir o meu? Lup-dup,  lup-dup&#8230;, mam\u00e3e voc\u00ea via ter uma filhinha saud\u00e1vel. Sei que algumas  crian\u00e7as t\u00eam dificuldades para entrar no mundo, mas h\u00e1 m\u00e9dicos que  ajudam as m\u00e3es e os rec\u00e9m nascidos. Sei tamb\u00e9m que muitas m\u00e3es teriam  preferido n\u00e3o ter o filho que levam no ventre. Mas eu estou ansiosa para  estar nos teus bra\u00e7os,  tocar o seu rosto,  olhar nos teus olhos, Voc\u00ea  me espera com a mesma alegria que eu?<\/p>\n<p><strong>28 de dezembro:<\/strong> O que est\u00e1 acontecendo? O que est\u00e3o fazendo? Mam\u00e3e, n\u00e3o deixe que me matem! N\u00e3o, n\u00e3o!<\/p>\n<p>Mam\u00e3e, por que voc\u00ea permitiu que acabassem com minha vida? Ter\u00edamos sido t\u00e3o felizes&#8230;<\/p>\n<p style=\"text-align: center;\"><a href=\"http:\/\/www.oratoriodamedalhamilagrosa.org.br\/vela-da-vida\/?origem=1\" target=\"_blank\" rel=\"noopener noreferrer\"><img loading=\"lazy\" class=\"aligncenter size-full wp-image-10482\" title=\"vela da vida\" src=\"http:\/\/www.adf.org.br\/home\/wp-content\/uploads\/2011\/09\/vela-da-vida1.jpg\" alt=\"\" width=\"612\" height=\"246\" \/><\/a><\/p>\n<p><em><strong>FONTE: <\/strong>Site de Ohio Right to Life. Extra\u00eddo com permiss\u00e3o desta organiza\u00e7\u00e3o a Vida Humana Internacional. via Blog Vocacionados Menores<br \/>\n <\/em><\/p>\n","protected":false},"excerpt":{"rendered":"<p>5 de outubro: Hoje come\u00e7a minha vida, meu pais ainda n\u00e3o sabem. Sou t\u00e3o pequena quanto uma semente de ma\u00e7\u00e3, mas j\u00e1 existo e sou \u00fanica no mundo e diferente de todas as demais. E, apesar de quase n\u00e3o ter forma ainda, serei uma menina. Terei cabelos loiros e olhos azuis, e sei que gostarei [&hellip;]<\/p>\n","protected":false},"author":31,"featured_media":0,"comment_status":"open","ping_status":"open","sticky":false,"template":"","format":"standard","meta":[],"categories":[20],"tags":[83,1619,392],"yoast_head":"<!-- This site is optimized with the Yoast SEO plugin v17.4 - https:\/\/yoast.com\/wordpress\/plugins\/seo\/ -->\n<title>Di\u00e1rio de um beb\u00ea que est\u00e1 por nascer - Associa\u00e7\u00e3o Devotos de F\u00e1tima<\/title>\n<meta name=\"robots\" content=\"index, follow, max-snippet:-1, max-image-preview:large, max-video-preview:-1\" \/>\n<link rel=\"canonical\" href=\"https:\/\/www.adf.org.br\/home\/diario-de-um-bebe-que-esta-por-nascer\/\" \/>\n<meta property=\"og:locale\" content=\"pt_BR\" \/>\n<meta property=\"og:type\" content=\"article\" \/>\n<meta property=\"og:title\" content=\"Di\u00e1rio de um beb\u00ea que est\u00e1 por nascer - Associa\u00e7\u00e3o Devotos de F\u00e1tima\" \/>\n<meta property=\"og:description\" content=\"5 de outubro: Hoje come\u00e7a minha vida, meu pais ainda n\u00e3o sabem. Sou t\u00e3o pequena quanto uma semente de ma\u00e7\u00e3, mas j\u00e1 existo e sou \u00fanica no mundo e diferente de todas as demais. E, apesar de quase n\u00e3o ter forma ainda, serei uma menina. Terei cabelos loiros e olhos azuis, e sei que gostarei [&hellip;]\" \/>\n<meta property=\"og:url\" content=\"https:\/\/www.adf.org.br\/home\/diario-de-um-bebe-que-esta-por-nascer\/\" \/>\n<meta property=\"og:site_name\" content=\"Associa\u00e7\u00e3o Devotos de F\u00e1tima\" \/>\n<meta property=\"article:published_time\" content=\"2011-09-08T03:00:36+00:00\" \/>\n<meta property=\"og:image\" content=\"http:\/\/www.adf.org.br\/home\/wp-content\/uploads\/2011\/09\/vela-da-vida_11.jpg\" \/>\n<meta name=\"twitter:card\" content=\"summary_large_image\" \/>\n<meta name=\"twitter:label1\" content=\"Escrito por\" \/>\n\t<meta name=\"twitter:data1\" content=\"Gabriel Barbosa\" \/>\n\t<meta name=\"twitter:label2\" content=\"Est. tempo de leitura\" \/>\n\t<meta name=\"twitter:data2\" content=\"3 minutos\" \/>\n<script type=\"application\/ld+json\" class=\"yoast-schema-graph\">{\"@context\":\"https:\/\/schema.org\",\"@graph\":[{\"@type\":\"WebSite\",\"@id\":\"https:\/\/www.adf.org.br\/home\/#website\",\"url\":\"https:\/\/www.adf.org.br\/home\/\",\"name\":\"Associa\\u00e7\\u00e3o Devotos de F\\u00e1tima\",\"description\":\"Associa\\u00e7\\u00e3o Devotos de F\\u00e1tima\",\"potentialAction\":[{\"@type\":\"SearchAction\",\"target\":{\"@type\":\"EntryPoint\",\"urlTemplate\":\"https:\/\/www.adf.org.br\/home\/?s={search_term_string}\"},\"query-input\":\"required name=search_term_string\"}],\"inLanguage\":\"pt-BR\"},{\"@type\":\"ImageObject\",\"@id\":\"https:\/\/www.adf.org.br\/home\/diario-de-um-bebe-que-esta-por-nascer\/#primaryimage\",\"inLanguage\":\"pt-BR\",\"url\":\"http:\/\/www.adf.org.br\/home\/wp-content\/uploads\/2011\/09\/vela-da-vida_11.jpg\",\"contentUrl\":\"http:\/\/www.adf.org.br\/home\/wp-content\/uploads\/2011\/09\/vela-da-vida_11.jpg\"},{\"@type\":\"WebPage\",\"@id\":\"https:\/\/www.adf.org.br\/home\/diario-de-um-bebe-que-esta-por-nascer\/#webpage\",\"url\":\"https:\/\/www.adf.org.br\/home\/diario-de-um-bebe-que-esta-por-nascer\/\",\"name\":\"Di\\u00e1rio de um beb\\u00ea que est\\u00e1 por nascer - Associa\\u00e7\\u00e3o Devotos de F\\u00e1tima\",\"isPartOf\":{\"@id\":\"https:\/\/www.adf.org.br\/home\/#website\"},\"primaryImageOfPage\":{\"@id\":\"https:\/\/www.adf.org.br\/home\/diario-de-um-bebe-que-esta-por-nascer\/#primaryimage\"},\"datePublished\":\"2011-09-08T03:00:36+00:00\",\"dateModified\":\"2011-09-08T03:00:36+00:00\",\"author\":{\"@id\":\"https:\/\/www.adf.org.br\/home\/#\/schema\/person\/f35a5c5aa7728a3dedf4ea9aa1fc2753\"},\"breadcrumb\":{\"@id\":\"https:\/\/www.adf.org.br\/home\/diario-de-um-bebe-que-esta-por-nascer\/#breadcrumb\"},\"inLanguage\":\"pt-BR\",\"potentialAction\":[{\"@type\":\"ReadAction\",\"target\":[\"https:\/\/www.adf.org.br\/home\/diario-de-um-bebe-que-esta-por-nascer\/\"]}]},{\"@type\":\"BreadcrumbList\",\"@id\":\"https:\/\/www.adf.org.br\/home\/diario-de-um-bebe-que-esta-por-nascer\/#breadcrumb\",\"itemListElement\":[{\"@type\":\"ListItem\",\"position\":1,\"name\":\"Home\",\"item\":\"https:\/\/www.adf.org.br\/home\/\"},{\"@type\":\"ListItem\",\"position\":2,\"name\":\"Di\\u00e1rio de um beb\\u00ea que est\\u00e1 por nascer\"}]},{\"@type\":\"Person\",\"@id\":\"https:\/\/www.adf.org.br\/home\/#\/schema\/person\/f35a5c5aa7728a3dedf4ea9aa1fc2753\",\"name\":\"Gabriel Barbosa\",\"image\":{\"@type\":\"ImageObject\",\"@id\":\"https:\/\/www.adf.org.br\/home\/#personlogo\",\"inLanguage\":\"pt-BR\",\"url\":\"https:\/\/secure.gravatar.com\/avatar\/2b2cb2f4637682c5605e8d36818f51ef?s=96&d=mm&r=g\",\"contentUrl\":\"https:\/\/secure.gravatar.com\/avatar\/2b2cb2f4637682c5605e8d36818f51ef?s=96&d=mm&r=g\",\"caption\":\"Gabriel Barbosa\"},\"url\":\"https:\/\/www.adf.org.br\/home\/author\/gabrielpmk-com-br\/\"}]}<\/script>\n<!-- \/ Yoast SEO plugin. -->","yoast_head_json":{"title":"Di\u00e1rio de um beb\u00ea que est\u00e1 por nascer - Associa\u00e7\u00e3o Devotos de F\u00e1tima","robots":{"index":"index","follow":"follow","max-snippet":"max-snippet:-1","max-image-preview":"max-image-preview:large","max-video-preview":"max-video-preview:-1"},"canonical":"https:\/\/www.adf.org.br\/home\/diario-de-um-bebe-que-esta-por-nascer\/","og_locale":"pt_BR","og_type":"article","og_title":"Di\u00e1rio de um beb\u00ea que est\u00e1 por nascer - Associa\u00e7\u00e3o Devotos de F\u00e1tima","og_description":"5 de outubro: Hoje come\u00e7a minha vida, meu pais ainda n\u00e3o sabem. Sou t\u00e3o pequena quanto uma semente de ma\u00e7\u00e3, mas j\u00e1 existo e sou \u00fanica no mundo e diferente de todas as demais. E, apesar de quase n\u00e3o ter forma ainda, serei uma menina. Terei cabelos loiros e olhos azuis, e sei que gostarei [&hellip;]","og_url":"https:\/\/www.adf.org.br\/home\/diario-de-um-bebe-que-esta-por-nascer\/","og_site_name":"Associa\u00e7\u00e3o Devotos de F\u00e1tima","article_published_time":"2011-09-08T03:00:36+00:00","og_image":[{"url":"http:\/\/www.adf.org.br\/home\/wp-content\/uploads\/2011\/09\/vela-da-vida_11.jpg"}],"twitter_card":"summary_large_image","twitter_misc":{"Escrito por":"Gabriel Barbosa","Est. tempo de leitura":"3 minutos"},"schema":{"@context":"https:\/\/schema.org","@graph":[{"@type":"WebSite","@id":"https:\/\/www.adf.org.br\/home\/#website","url":"https:\/\/www.adf.org.br\/home\/","name":"Associa\u00e7\u00e3o Devotos de F\u00e1tima","description":"Associa\u00e7\u00e3o Devotos de F\u00e1tima","potentialAction":[{"@type":"SearchAction","target":{"@type":"EntryPoint","urlTemplate":"https:\/\/www.adf.org.br\/home\/?s={search_term_string}"},"query-input":"required name=search_term_string"}],"inLanguage":"pt-BR"},{"@type":"ImageObject","@id":"https:\/\/www.adf.org.br\/home\/diario-de-um-bebe-que-esta-por-nascer\/#primaryimage","inLanguage":"pt-BR","url":"http:\/\/www.adf.org.br\/home\/wp-content\/uploads\/2011\/09\/vela-da-vida_11.jpg","contentUrl":"http:\/\/www.adf.org.br\/home\/wp-content\/uploads\/2011\/09\/vela-da-vida_11.jpg"},{"@type":"WebPage","@id":"https:\/\/www.adf.org.br\/home\/diario-de-um-bebe-que-esta-por-nascer\/#webpage","url":"https:\/\/www.adf.org.br\/home\/diario-de-um-bebe-que-esta-por-nascer\/","name":"Di\u00e1rio de um beb\u00ea que est\u00e1 por nascer - Associa\u00e7\u00e3o Devotos de F\u00e1tima","isPartOf":{"@id":"https:\/\/www.adf.org.br\/home\/#website"},"primaryImageOfPage":{"@id":"https:\/\/www.adf.org.br\/home\/diario-de-um-bebe-que-esta-por-nascer\/#primaryimage"},"datePublished":"2011-09-08T03:00:36+00:00","dateModified":"2011-09-08T03:00:36+00:00","author":{"@id":"https:\/\/www.adf.org.br\/home\/#\/schema\/person\/f35a5c5aa7728a3dedf4ea9aa1fc2753"},"breadcrumb":{"@id":"https:\/\/www.adf.org.br\/home\/diario-de-um-bebe-que-esta-por-nascer\/#breadcrumb"},"inLanguage":"pt-BR","potentialAction":[{"@type":"ReadAction","target":["https:\/\/www.adf.org.br\/home\/diario-de-um-bebe-que-esta-por-nascer\/"]}]},{"@type":"BreadcrumbList","@id":"https:\/\/www.adf.org.br\/home\/diario-de-um-bebe-que-esta-por-nascer\/#breadcrumb","itemListElement":[{"@type":"ListItem","position":1,"name":"Home","item":"https:\/\/www.adf.org.br\/home\/"},{"@type":"ListItem","position":2,"name":"Di\u00e1rio de um beb\u00ea que est\u00e1 por nascer"}]},{"@type":"Person","@id":"https:\/\/www.adf.org.br\/home\/#\/schema\/person\/f35a5c5aa7728a3dedf4ea9aa1fc2753","name":"Gabriel Barbosa","image":{"@type":"ImageObject","@id":"https:\/\/www.adf.org.br\/home\/#personlogo","inLanguage":"pt-BR","url":"https:\/\/secure.gravatar.com\/avatar\/2b2cb2f4637682c5605e8d36818f51ef?s=96&d=mm&r=g","contentUrl":"https:\/\/secure.gravatar.com\/avatar\/2b2cb2f4637682c5605e8d36818f51ef?s=96&d=mm&r=g","caption":"Gabriel Barbosa"},"url":"https:\/\/www.adf.org.br\/home\/author\/gabrielpmk-com-br\/"}]}},"_links":{"self":[{"href":"https:\/\/www.adf.org.br\/home\/wp-json\/wp\/v2\/posts\/10476"}],"collection":[{"href":"https:\/\/www.adf.org.br\/home\/wp-json\/wp\/v2\/posts"}],"about":[{"href":"https:\/\/www.adf.org.br\/home\/wp-json\/wp\/v2\/types\/post"}],"author":[{"embeddable":true,"href":"https:\/\/www.adf.org.br\/home\/wp-json\/wp\/v2\/users\/31"}],"replies":[{"embeddable":true,"href":"https:\/\/www.adf.org.br\/home\/wp-json\/wp\/v2\/comments?post=10476"}],"version-history":[{"count":0,"href":"https:\/\/www.adf.org.br\/home\/wp-json\/wp\/v2\/posts\/10476\/revisions"}],"wp:attachment":[{"href":"https:\/\/www.adf.org.br\/home\/wp-json\/wp\/v2\/media?parent=10476"}],"wp:term":[{"taxonomy":"category","embeddable":true,"href":"https:\/\/www.adf.org.br\/home\/wp-json\/wp\/v2\/categories?post=10476"},{"taxonomy":"post_tag","embeddable":true,"href":"https:\/\/www.adf.org.br\/home\/wp-json\/wp\/v2\/tags?post=10476"}],"curies":[{"name":"wp","href":"https:\/\/api.w.org\/{rel}","templated":true}]}}