{"id":10433,"date":"2011-09-07T00:00:17","date_gmt":"2011-09-07T03:00:17","guid":{"rendered":"http:\/\/www.adf.org.br\/home\/?p=10433"},"modified":"2011-09-07T00:00:17","modified_gmt":"2011-09-07T03:00:17","slug":"10433-2","status":"publish","type":"post","link":"https:\/\/www.adf.org.br\/home\/10433-2\/","title":{"rendered":"Sauda\u00e7\u00e3o a Nossa Senhora"},"content":{"rendered":"<dl id=\"attachment_10438\" class=\"wp-caption alignleft\" style=\"width: 317px;\">\n<dt class=\"wp-caption-dt\"><a rel=\"attachment wp-att-10438\" href=\"http:\/\/www.adf.org.br\/home\/2011\/09\/10433\/vela-do-rosario-5\/\"><img loading=\"lazy\" class=\"size-full wp-image-10438 \" title=\"Acenda uma vela a Nossa Senhora\" src=\"http:\/\/www.adf.org.br\/home\/wp-content\/uploads\/2011\/09\/vela-do-rosario1.jpg\" alt=\"\" width=\"307\" height=\"186\" \/><\/a><\/dt>\n<dd class=\"wp-caption-dd\" style=\"text-align: center;\"><span style=\"color: #0000ff;\"><strong>Nossa M\u00e3e Sant\u00edssima merece toda nossa honra. <a href=\"http:\/\/oratoriodamedalhamilagrosa.org.br\/home\/?origem=1\" target=\"_blank\" rel=\"noopener noreferrer\">Clique aqui<\/a> e acenda uma vela em louvor a Nossa Senhora e por seus pedidos de gra\u00e7as<\/strong><\/span><\/dd>\n<\/dl>\n<p>Pouco antes de expirar, no Calv\u00e1rio, Cristo outorgou \u00e0 Sant\u00edssima Virgem a miss\u00e3o de protetora dos homens; ao dizer, na terceira palavra: <span style=\"color: #ff0000;\"><strong><em>\u201cMulher, eis ai o teu filho; \u201cEis a tua M\u00e3e\u201d<\/em><\/strong><\/span> (S\u00e3o Jo\u00e3o, 19, 26-27).<\/p>\n<p>Momento terno e majestoso: entrega \u00e0 Nossa Senhora a humanidade, fazendo dela a M\u00e3e espiritual de todos os homens.<\/p>\n<p><strong>\u00c9 o Redentor que designa Maria M\u00e3e dos Homens.<\/strong><\/p>\n<p>A tarefa dada \u00e0 Maria Imaculada sucede em momento especial\u00edssimo: quando o Calv\u00e1rio se torna o primeiro Templo da Cristandade, prot\u00f3tipo e modelo de todos os templos, que substitui o Templo Judaico do Antigo Testamento. No Calv\u00e1rio, o Redendor une os homens, dando-lhes a pr\u00f3pria m\u00e3e como m\u00e3e de todos, tornando-A eixo de f\u00e9 e de esperan\u00e7a.<\/p>\n<p>A miss\u00e3o de Maria Imaculada principiou no Para\u00edso, quando Deus falou que a mulher esmagaria a cabe\u00e7a do r\u00e9ptil, como participante da miss\u00e3o redentora. No an\u00fancio do Arcanjo S\u00e3o Gabriel: <strong>\u201cBendita \u00e9s Tu entre as mulheres\u201d.<\/strong><\/p>\n<p>A virgem do an\u00fancio tornou-se mais tarde a \u201cStabat\u201d do Calv\u00e1rio. Na visita\u00e7\u00e3o, Maria Sant\u00edssima viu-se enaltecida pelo mensageiro do Alt\u00edssimo: ser\u00e1 chamada bem-aventurada. Em Can\u00e1, realiza publicamente a primeira miss\u00e3o, ao dirigir-se ao Filho e suplicou-lhe interven\u00e7\u00e3o: \u201cn\u00e3o h\u00e1 mais vinho\u201d e, virando-se para os servos: \u201cFazei tudo o que Ele vos disser\u201d.<\/p>\n<p>Vinte s\u00e9culos Maria Sant\u00edssima intercede, ajuda, suplica e ganha a gra\u00e7a de Deus para todos os homens. Em Pentecostes, l\u00e1 est\u00e1 Ela na apresenta\u00e7\u00e3o da Igreja ao mundo. No Apocalipse, \u00e9 a mulher misteriosa que tem a lua por escabelo, vestida de sol, adornada de estrelas.<\/p>\n<p>Nas crises mais dilacerantes da Igreja, no curso do tempo, aparece Maria Imaculada, M\u00e3e de Nosso Senhor Jesus Cristo e dos homens, para reconciliar a todos e indicar-lhes os caminhos do c\u00e9u.<\/p>\n<p><strong>Quando a Igreja necessita de sacerdotes e de religiosos, Maria Auxiliadora alimenta as voca\u00e7\u00f5es. Quando a f\u00e9 titubeia, aparece para fortalecer.<\/strong><\/p>\n<blockquote>\n<p><span style=\"color: #0000ff;\"><em>Com inarred\u00e1vel proced\u00eancia, alinhou ALVES MENDES, not\u00e1vel orador lusitano:<\/em><\/span><\/p>\n<p><span style=\"color: #0000ff;\"><em>\u201cDescerra-se no c\u00e9u das nossas cren\u00e7as essa Imaculada, resplendor eterno do eterno sol, que por entre negrumes da vida, nos instila n\u2019alma os mais vividos lampejos da perfei\u00e7\u00e3o sobrenatural e nos infiltra no peito as mais deliciosas esperan\u00e7as da prote\u00e7\u00e3o divina\u201d(\u201cDiscursos\u201d, p\u00e1g. 204).<\/em><\/span><\/p>\n<\/blockquote>\n<p>Maria Sant\u00edssima, concebida sem pecado, sobrep\u00f5e miraculosamente \u00e0 grinalda de virgem a coroa de M\u00e3e; torna-se l\u00facido assento e formoso habit\u00e1culo ao verbo Divino; v\u00ea nascer de seu l\u00edmpido seio o criador como se fora produ\u00e7\u00e3o da criatura; desentranha de si, feito homem, o Filho de Deus, que vinha redimir os homens; e, sobre-ang\u00e9lica, inigual\u00e1vel, singular, mais pura que a estrela, mais n\u00edtida que a neve, mais bela que a flor, varre os miasmas do erro, saneia as feridas do mal, ilumina as intelig\u00eancias, virtualiza os cora\u00e7\u00f5es, sublima a f\u00e9, sobredoura a esperan\u00e7a, constela a caridade e, vencendo os abismos tenebrosos rasgados pela culpa primitiva, levanta-se, colosso de gra\u00e7a e santidade. (idem, p. 205).<\/p>\n<p>Maria, que magnitude! Toma o globo inteiro. Que altura! Chega da terra ao c\u00e9u no mist\u00e9rio da Assun\u00e7\u00e3o. Que majestade! Enche toda a Hist\u00f3ria. Que moldura! Cerca todos os povos nas imensas amplid\u00f5es do espa\u00e7o, enquadramento estupendo, harmonioso, concordant\u00edssimo de todos os s\u00e9culos, de todos os continentes, de todas as gera\u00e7\u00f5es, da humanidade toda!<\/p>\n<p>Maria que, em hebraico, significa estrela do mar, estrela de incomensur\u00e1vel grandeza, estrela bonan\u00e7osa, estrela prop\u00edcia que, por entre as caliginosas tormentas da terra, nos transmuda em suav\u00edssimas influi\u00e7\u00f5es do c\u00e9u.<\/p>\n<p>Maria, virgem do an\u00fancio de Gabriel, M\u00e3e do pres\u00e9pio, confiante em Can\u00e1, dolorosa na \u201cvia crucis\u201d, M\u00e3e do Calv\u00e1rio e Rainha do Cen\u00e1culo!<\/p>\n<p class=\"mceTemp mceIEcenter\">\u00a0<\/p>\n<dl id=\"attachment_10445\" class=\"wp-caption aligncenter\" style=\"width: 619px;\">\n<dt class=\"wp-caption-dt\"><a rel=\"attachment wp-att-10445\" href=\"http:\/\/www.adf.org.br\/home\/2011\/09\/10433\/nossas-senhoras\/\"><img loading=\"lazy\" class=\"size-full wp-image-10445 \" title=\"Rogai por n\u00f3s\" src=\"http:\/\/www.adf.org.br\/home\/wp-content\/uploads\/2011\/09\/nossas-senhoras.jpg\" alt=\"\" width=\"547\" height=\"164\" \/><\/a><\/dt>\n<dd class=\"wp-caption-dd\" style=\"text-align: center;\">\n<p><span style=\"color: #0000ff;\"><strong><a href=\"http:\/\/oratoriodamedalhamilagrosa.org.br\/home\/?origem=1\" target=\"_blank\" rel=\"noopener noreferrer\">Veja aqui <\/a>como acender uma vela a mais bem-aventurada mulher da hist\u00f3ria<\/strong><\/span><\/p>\n<\/dd>\n<\/dl>\n<p>Maria realizou o prod\u00edgio dos prod\u00edgios: gera o Ingenito, cria o Increado, concretiza o Incompreens\u00edvel, temporifica o Eterno, consubstancia o Imortal, limita o Imenso, penetra o Insond\u00e1vel e localiza o Infinito.<\/p>\n<p>Maria \u00e9 luz coada pelo \u00e9ter celestial, esbatida pelos ang\u00e9licos, misteriosa, saneant\u00edssima que, nas suas rutila\u00e7\u00f5es, nos envia calor e magnetismo e no magnetismo fortaleza, na fortaleza expans\u00e3o, na expans\u00e3o a vida, na vida luz que eterniza todas as grandezas, luz que transfigura as almas e vaporiza as l\u00e1grimas.<\/p>\n<p>Fato hist\u00f3rico relevante testemunha a media\u00e7\u00e3o de Maria. Em 1570, o poder otomano agride a Europa, caindo reinos e tronos, uns ap\u00f3s dos outros. Quando tudo parecia devastar o continente, Pio V invoca a prote\u00e7\u00e3o de Maria, em alarma dilacerante, dando-lhe o titulo de \u201cAuxilium christianorum\u201d, no que foi atendido, salvando-se a civiliza\u00e7\u00e3o crista do fatalismo oriental.<\/p>\n<p>Maria, companheira inapart\u00e1vel, que recebe diversos nomes, de concerto com as circunst\u00e2ncias: Imaculada Concei\u00e7\u00e3o, Dores, Piedade, Paix\u00e3o, Auxiliadora, Assun\u00e7\u00e3o, Parto, Visita\u00e7\u00e3o, Carmo, Luz, Merc\u00eas, Navegantes, Lourdes, F\u00e1tima, Guadalupe, Aparecida, Sallete, M\u00e3e dos Homens, Rainha do C\u00e9u e da Terra.<\/p>\n<p>Maria aceita a miss\u00e3o, no an\u00fancio do anjo, por isso ela oferece a Deus, com suas pur\u00edssimas m\u00e3os, a h\u00f3stia de propicia\u00e7\u00e3o pelas iniq\u00fcidades do g\u00eanero humano e oferece o Filho, entre l\u00e1grimas, ang\u00fastias e sofrimentos. Por obs\u00e9quio disso, tronou-se a mais nobre criatura humana, plenitude da perfei\u00e7\u00e3o, plenitude da santidade, plenitude sobrenatural.<\/p>\n<p><strong>O amor de Maria Sant\u00edssima a Deus \u00e9 incompar\u00e1vel, maior de todos, acima dos anjos, dos santos, dos ap\u00f3stolos e dos m\u00e1rtires.<\/strong><a rel=\"attachment wp-att-10437\" href=\"http:\/\/www.adf.org.br\/home\/2011\/09\/10433\/virgendelamacarena-5\/\"><img loading=\"lazy\" class=\"alignright size-full wp-image-10437\" title=\"virgendelamacarena\" src=\"http:\/\/www.adf.org.br\/home\/wp-content\/uploads\/2011\/09\/virgendelamacarena.jpg\" alt=\"\" width=\"252\" height=\"400\" \/><\/a><\/p>\n<p>M\u00e3e dos homens, eterna M\u00e3e, que se n\u00e3o acaba como as nossas m\u00e3es, das quais recordamos no gemido de saudade, mas M\u00e3e que nos acompanha eternamente, seja na terra, seja no c\u00e9u. A maternidade de Maria \u00e9 singular: n\u00e3o come\u00e7ou em Nazar\u00e9, porque iniciada antes dos tempos; n\u00e3o terminou no Calv\u00e1rio, porque \u00e9 eterna.<\/p>\n<p>As l\u00e1grimas de Maria misturam-se com o sangue te\u00e2ndrico de Cristo, para a salva\u00e7\u00e3o da humanidade, da\u00ed ser co-redentora. Cooperou com a obra messi\u00e2nica de Cristo, tornando-se o \u00fanico tabern\u00e1culo humano. Deu sangue e deu carne ao corpo do Redentor. E isso \u00e9 mist\u00e9rio, inating\u00edvel pela nossa raz\u00e3o. T\u00e3o nobre e t\u00e3o elevada a sua participa\u00e7\u00e3o no processo redentivo que se tornou \u201cSacerdo Virgo\u201d.<\/p>\n<p>Em s\u00edntese, definitiva e inarred\u00e1vel, Maria Sant\u00edssima cupulisou a grandeza do seu destino e assumiu o coronal de sua import\u00e2ncia hist\u00f3rica.<\/p>\n<p>Ave, Maria!<\/p>\n<p><em>Fonte:http:\/\/www.catequisar.com.br\/<\/em><\/p>\n","protected":false},"excerpt":{"rendered":"<p>Nossa M\u00e3e Sant\u00edssima merece toda nossa honra. Clique aqui e acenda uma vela em louvor a Nossa Senhora e por seus pedidos de gra\u00e7as Pouco antes de expirar, no Calv\u00e1rio, Cristo outorgou \u00e0 Sant\u00edssima Virgem a miss\u00e3o de protetora dos homens; ao dizer, na terceira palavra: \u201cMulher, eis ai o teu filho; \u201cEis a tua [&hellip;]<\/p>\n","protected":false},"author":31,"featured_media":0,"comment_status":"open","ping_status":"open","sticky":false,"template":"","format":"standard","meta":[],"categories":[20],"tags":[38,51],"yoast_head":"<!-- This site is optimized with the Yoast SEO plugin v17.4 - https:\/\/yoast.com\/wordpress\/plugins\/seo\/ -->\n<title>Sauda\u00e7\u00e3o a Nossa Senhora - Associa\u00e7\u00e3o Devotos de F\u00e1tima<\/title>\n<meta name=\"robots\" content=\"index, follow, max-snippet:-1, max-image-preview:large, max-video-preview:-1\" \/>\n<link rel=\"canonical\" href=\"https:\/\/www.adf.org.br\/home\/10433-2\/\" \/>\n<meta property=\"og:locale\" content=\"pt_BR\" \/>\n<meta property=\"og:type\" content=\"article\" \/>\n<meta property=\"og:title\" content=\"Sauda\u00e7\u00e3o a Nossa Senhora - Associa\u00e7\u00e3o Devotos de F\u00e1tima\" \/>\n<meta property=\"og:description\" content=\"Nossa M\u00e3e Sant\u00edssima merece toda nossa honra. Clique aqui e acenda uma vela em louvor a Nossa Senhora e por seus pedidos de gra\u00e7as Pouco antes de expirar, no Calv\u00e1rio, Cristo outorgou \u00e0 Sant\u00edssima Virgem a miss\u00e3o de protetora dos homens; ao dizer, na terceira palavra: \u201cMulher, eis ai o teu filho; \u201cEis a tua [&hellip;]\" \/>\n<meta property=\"og:url\" content=\"https:\/\/www.adf.org.br\/home\/10433-2\/\" \/>\n<meta property=\"og:site_name\" content=\"Associa\u00e7\u00e3o Devotos de F\u00e1tima\" \/>\n<meta property=\"article:published_time\" content=\"2011-09-07T03:00:17+00:00\" \/>\n<meta property=\"og:image\" content=\"http:\/\/www.adf.org.br\/home\/wp-content\/uploads\/2011\/09\/vela-do-rosario1.jpg\" \/>\n<meta name=\"twitter:card\" content=\"summary_large_image\" \/>\n<meta name=\"twitter:label1\" content=\"Escrito por\" \/>\n\t<meta name=\"twitter:data1\" content=\"Gabriel Barbosa\" \/>\n\t<meta name=\"twitter:label2\" content=\"Est. tempo de leitura\" \/>\n\t<meta name=\"twitter:data2\" content=\"6 minutos\" \/>\n<script type=\"application\/ld+json\" class=\"yoast-schema-graph\">{\"@context\":\"https:\/\/schema.org\",\"@graph\":[{\"@type\":\"WebSite\",\"@id\":\"https:\/\/www.adf.org.br\/home\/#website\",\"url\":\"https:\/\/www.adf.org.br\/home\/\",\"name\":\"Associa\\u00e7\\u00e3o Devotos de F\\u00e1tima\",\"description\":\"Associa\\u00e7\\u00e3o Devotos de F\\u00e1tima\",\"potentialAction\":[{\"@type\":\"SearchAction\",\"target\":{\"@type\":\"EntryPoint\",\"urlTemplate\":\"https:\/\/www.adf.org.br\/home\/?s={search_term_string}\"},\"query-input\":\"required name=search_term_string\"}],\"inLanguage\":\"pt-BR\"},{\"@type\":\"ImageObject\",\"@id\":\"https:\/\/www.adf.org.br\/home\/10433-2\/#primaryimage\",\"inLanguage\":\"pt-BR\",\"url\":\"http:\/\/www.adf.org.br\/home\/wp-content\/uploads\/2011\/09\/vela-do-rosario1.jpg\",\"contentUrl\":\"http:\/\/www.adf.org.br\/home\/wp-content\/uploads\/2011\/09\/vela-do-rosario1.jpg\"},{\"@type\":\"WebPage\",\"@id\":\"https:\/\/www.adf.org.br\/home\/10433-2\/#webpage\",\"url\":\"https:\/\/www.adf.org.br\/home\/10433-2\/\",\"name\":\"Sauda\\u00e7\\u00e3o a Nossa Senhora - Associa\\u00e7\\u00e3o Devotos de F\\u00e1tima\",\"isPartOf\":{\"@id\":\"https:\/\/www.adf.org.br\/home\/#website\"},\"primaryImageOfPage\":{\"@id\":\"https:\/\/www.adf.org.br\/home\/10433-2\/#primaryimage\"},\"datePublished\":\"2011-09-07T03:00:17+00:00\",\"dateModified\":\"2011-09-07T03:00:17+00:00\",\"author\":{\"@id\":\"https:\/\/www.adf.org.br\/home\/#\/schema\/person\/f35a5c5aa7728a3dedf4ea9aa1fc2753\"},\"breadcrumb\":{\"@id\":\"https:\/\/www.adf.org.br\/home\/10433-2\/#breadcrumb\"},\"inLanguage\":\"pt-BR\",\"potentialAction\":[{\"@type\":\"ReadAction\",\"target\":[\"https:\/\/www.adf.org.br\/home\/10433-2\/\"]}]},{\"@type\":\"BreadcrumbList\",\"@id\":\"https:\/\/www.adf.org.br\/home\/10433-2\/#breadcrumb\",\"itemListElement\":[{\"@type\":\"ListItem\",\"position\":1,\"name\":\"Home\",\"item\":\"https:\/\/www.adf.org.br\/home\/\"},{\"@type\":\"ListItem\",\"position\":2,\"name\":\"Sauda\\u00e7\\u00e3o a Nossa Senhora\"}]},{\"@type\":\"Person\",\"@id\":\"https:\/\/www.adf.org.br\/home\/#\/schema\/person\/f35a5c5aa7728a3dedf4ea9aa1fc2753\",\"name\":\"Gabriel Barbosa\",\"image\":{\"@type\":\"ImageObject\",\"@id\":\"https:\/\/www.adf.org.br\/home\/#personlogo\",\"inLanguage\":\"pt-BR\",\"url\":\"https:\/\/secure.gravatar.com\/avatar\/2b2cb2f4637682c5605e8d36818f51ef?s=96&d=mm&r=g\",\"contentUrl\":\"https:\/\/secure.gravatar.com\/avatar\/2b2cb2f4637682c5605e8d36818f51ef?s=96&d=mm&r=g\",\"caption\":\"Gabriel Barbosa\"},\"url\":\"https:\/\/www.adf.org.br\/home\/author\/gabrielpmk-com-br\/\"}]}<\/script>\n<!-- \/ Yoast SEO plugin. -->","yoast_head_json":{"title":"Sauda\u00e7\u00e3o a Nossa Senhora - Associa\u00e7\u00e3o Devotos de F\u00e1tima","robots":{"index":"index","follow":"follow","max-snippet":"max-snippet:-1","max-image-preview":"max-image-preview:large","max-video-preview":"max-video-preview:-1"},"canonical":"https:\/\/www.adf.org.br\/home\/10433-2\/","og_locale":"pt_BR","og_type":"article","og_title":"Sauda\u00e7\u00e3o a Nossa Senhora - Associa\u00e7\u00e3o Devotos de F\u00e1tima","og_description":"Nossa M\u00e3e Sant\u00edssima merece toda nossa honra. Clique aqui e acenda uma vela em louvor a Nossa Senhora e por seus pedidos de gra\u00e7as Pouco antes de expirar, no Calv\u00e1rio, Cristo outorgou \u00e0 Sant\u00edssima Virgem a miss\u00e3o de protetora dos homens; ao dizer, na terceira palavra: \u201cMulher, eis ai o teu filho; \u201cEis a tua [&hellip;]","og_url":"https:\/\/www.adf.org.br\/home\/10433-2\/","og_site_name":"Associa\u00e7\u00e3o Devotos de F\u00e1tima","article_published_time":"2011-09-07T03:00:17+00:00","og_image":[{"url":"http:\/\/www.adf.org.br\/home\/wp-content\/uploads\/2011\/09\/vela-do-rosario1.jpg"}],"twitter_card":"summary_large_image","twitter_misc":{"Escrito por":"Gabriel Barbosa","Est. tempo de leitura":"6 minutos"},"schema":{"@context":"https:\/\/schema.org","@graph":[{"@type":"WebSite","@id":"https:\/\/www.adf.org.br\/home\/#website","url":"https:\/\/www.adf.org.br\/home\/","name":"Associa\u00e7\u00e3o Devotos de F\u00e1tima","description":"Associa\u00e7\u00e3o Devotos de F\u00e1tima","potentialAction":[{"@type":"SearchAction","target":{"@type":"EntryPoint","urlTemplate":"https:\/\/www.adf.org.br\/home\/?s={search_term_string}"},"query-input":"required name=search_term_string"}],"inLanguage":"pt-BR"},{"@type":"ImageObject","@id":"https:\/\/www.adf.org.br\/home\/10433-2\/#primaryimage","inLanguage":"pt-BR","url":"http:\/\/www.adf.org.br\/home\/wp-content\/uploads\/2011\/09\/vela-do-rosario1.jpg","contentUrl":"http:\/\/www.adf.org.br\/home\/wp-content\/uploads\/2011\/09\/vela-do-rosario1.jpg"},{"@type":"WebPage","@id":"https:\/\/www.adf.org.br\/home\/10433-2\/#webpage","url":"https:\/\/www.adf.org.br\/home\/10433-2\/","name":"Sauda\u00e7\u00e3o a Nossa Senhora - Associa\u00e7\u00e3o Devotos de F\u00e1tima","isPartOf":{"@id":"https:\/\/www.adf.org.br\/home\/#website"},"primaryImageOfPage":{"@id":"https:\/\/www.adf.org.br\/home\/10433-2\/#primaryimage"},"datePublished":"2011-09-07T03:00:17+00:00","dateModified":"2011-09-07T03:00:17+00:00","author":{"@id":"https:\/\/www.adf.org.br\/home\/#\/schema\/person\/f35a5c5aa7728a3dedf4ea9aa1fc2753"},"breadcrumb":{"@id":"https:\/\/www.adf.org.br\/home\/10433-2\/#breadcrumb"},"inLanguage":"pt-BR","potentialAction":[{"@type":"ReadAction","target":["https:\/\/www.adf.org.br\/home\/10433-2\/"]}]},{"@type":"BreadcrumbList","@id":"https:\/\/www.adf.org.br\/home\/10433-2\/#breadcrumb","itemListElement":[{"@type":"ListItem","position":1,"name":"Home","item":"https:\/\/www.adf.org.br\/home\/"},{"@type":"ListItem","position":2,"name":"Sauda\u00e7\u00e3o a Nossa Senhora"}]},{"@type":"Person","@id":"https:\/\/www.adf.org.br\/home\/#\/schema\/person\/f35a5c5aa7728a3dedf4ea9aa1fc2753","name":"Gabriel Barbosa","image":{"@type":"ImageObject","@id":"https:\/\/www.adf.org.br\/home\/#personlogo","inLanguage":"pt-BR","url":"https:\/\/secure.gravatar.com\/avatar\/2b2cb2f4637682c5605e8d36818f51ef?s=96&d=mm&r=g","contentUrl":"https:\/\/secure.gravatar.com\/avatar\/2b2cb2f4637682c5605e8d36818f51ef?s=96&d=mm&r=g","caption":"Gabriel Barbosa"},"url":"https:\/\/www.adf.org.br\/home\/author\/gabrielpmk-com-br\/"}]}},"_links":{"self":[{"href":"https:\/\/www.adf.org.br\/home\/wp-json\/wp\/v2\/posts\/10433"}],"collection":[{"href":"https:\/\/www.adf.org.br\/home\/wp-json\/wp\/v2\/posts"}],"about":[{"href":"https:\/\/www.adf.org.br\/home\/wp-json\/wp\/v2\/types\/post"}],"author":[{"embeddable":true,"href":"https:\/\/www.adf.org.br\/home\/wp-json\/wp\/v2\/users\/31"}],"replies":[{"embeddable":true,"href":"https:\/\/www.adf.org.br\/home\/wp-json\/wp\/v2\/comments?post=10433"}],"version-history":[{"count":0,"href":"https:\/\/www.adf.org.br\/home\/wp-json\/wp\/v2\/posts\/10433\/revisions"}],"wp:attachment":[{"href":"https:\/\/www.adf.org.br\/home\/wp-json\/wp\/v2\/media?parent=10433"}],"wp:term":[{"taxonomy":"category","embeddable":true,"href":"https:\/\/www.adf.org.br\/home\/wp-json\/wp\/v2\/categories?post=10433"},{"taxonomy":"post_tag","embeddable":true,"href":"https:\/\/www.adf.org.br\/home\/wp-json\/wp\/v2\/tags?post=10433"}],"curies":[{"name":"wp","href":"https:\/\/api.w.org\/{rel}","templated":true}]}}