{"id":10352,"date":"2011-09-01T00:00:53","date_gmt":"2011-09-01T03:00:53","guid":{"rendered":"http:\/\/www.adf.org.br\/home\/?p=10352"},"modified":"2011-09-01T00:00:53","modified_gmt":"2011-09-01T03:00:53","slug":"milhares-de-pessoas-ja-alcancaram-gracas-impressionantes-por-confiarem-plenamente-em-maria-santissima-e-voce","status":"publish","type":"post","link":"https:\/\/www.adf.org.br\/home\/milhares-de-pessoas-ja-alcancaram-gracas-impressionantes-por-confiarem-plenamente-em-maria-santissima-e-voce\/","title":{"rendered":"Milhares de pessoas j\u00e1 alcan\u00e7aram gra\u00e7as impressionantes por confiarem plenamente em Maria Sant\u00edssima. E voc\u00ea?"},"content":{"rendered":"<p><a rel=\"attachment wp-att-10354\" href=\"http:\/\/www.adf.org.br\/home\/2011\/09\/milhares-de-pessoas-ja-alcancaram-gracas-impressionantes-por-confiarem-plenamente-em-maria-santissima-e-voce\/testemunho-medalha-2\/\"><img loading=\"lazy\" class=\"aligncenter size-full wp-image-10354\" title=\"testemunho. medalha\" src=\"http:\/\/www.adf.org.br\/home\/wp-content\/uploads\/2011\/08\/testemunho.-medalha1.jpg\" alt=\"\" width=\"600\" height=\"202\" \/><\/a>Milhares de pessoas no mundo inteiro j\u00e1 receberam gra\u00e7as maravilhosas de Nossa Senhora da Medalha Milagrosa.<\/p>\n<p>Os volunt\u00e1rios da Associa\u00e7\u00e3o Devotos de F\u00e1tima falam diariamente com pessoas que tem testemunhos maravilhosos de gra\u00e7as alcan\u00e7adas e querem agradecer colocando o nome nas Inten\u00e7\u00f5es das Missas que o Apostolado faz celebrar.<\/p>\n<p>Pe\u00e7a suas ora\u00e7\u00f5es no: <br \/>\n <strong> <span style=\"font-size: medium;\"><span style=\"color: #0000ff;\">0800 773 11 19 <\/span><\/span><\/strong>ou <strong> <span style=\"font-size: medium;\"><span style=\"color: #0000ff;\">(11) 4368 22 53 <\/span><\/span><\/strong><\/p>\n<p>Tenha f\u00e9 e continue confiando em Nossa Senhora da Medalha Milagrosa, pois gra\u00e7as extraordin\u00e1rias poder\u00e3o tocar sua vida.<\/p>\n","protected":false},"excerpt":{"rendered":"<p>Milhares de pessoas no mundo inteiro j\u00e1 receberam gra\u00e7as maravilhosas de Nossa Senhora da Medalha Milagrosa. Os volunt\u00e1rios da Associa\u00e7\u00e3o Devotos de F\u00e1tima falam diariamente com pessoas que tem testemunhos maravilhosos de gra\u00e7as alcan\u00e7adas e querem agradecer colocando o nome nas Inten\u00e7\u00f5es das Missas que o Apostolado faz celebrar. Pe\u00e7a suas ora\u00e7\u00f5es no: 0800 773 [&hellip;]<\/p>\n","protected":false},"author":31,"featured_media":0,"comment_status":"closed","ping_status":"open","sticky":false,"template":"","format":"standard","meta":[],"categories":[20],"tags":[34,291,25],"yoast_head":"<!-- This site is optimized with the Yoast SEO plugin v17.4 - https:\/\/yoast.com\/wordpress\/plugins\/seo\/ -->\n<title>Milhares de pessoas j\u00e1 alcan\u00e7aram gra\u00e7as impressionantes por confiarem plenamente em Maria Sant\u00edssima. E voc\u00ea? - Associa\u00e7\u00e3o Devotos de F\u00e1tima<\/title>\n<meta name=\"robots\" content=\"index, follow, max-snippet:-1, max-image-preview:large, max-video-preview:-1\" \/>\n<link rel=\"canonical\" href=\"https:\/\/www.adf.org.br\/home\/milhares-de-pessoas-ja-alcancaram-gracas-impressionantes-por-confiarem-plenamente-em-maria-santissima-e-voce\/\" \/>\n<meta property=\"og:locale\" content=\"pt_BR\" \/>\n<meta property=\"og:type\" content=\"article\" \/>\n<meta property=\"og:title\" content=\"Milhares de pessoas j\u00e1 alcan\u00e7aram gra\u00e7as impressionantes por confiarem plenamente em Maria Sant\u00edssima. E voc\u00ea? - Associa\u00e7\u00e3o Devotos de F\u00e1tima\" \/>\n<meta property=\"og:description\" content=\"Milhares de pessoas no mundo inteiro j\u00e1 receberam gra\u00e7as maravilhosas de Nossa Senhora da Medalha Milagrosa. Os volunt\u00e1rios da Associa\u00e7\u00e3o Devotos de F\u00e1tima falam diariamente com pessoas que tem testemunhos maravilhosos de gra\u00e7as alcan\u00e7adas e querem agradecer colocando o nome nas Inten\u00e7\u00f5es das Missas que o Apostolado faz celebrar. Pe\u00e7a suas ora\u00e7\u00f5es no: 0800 773 [&hellip;]\" \/>\n<meta property=\"og:url\" content=\"https:\/\/www.adf.org.br\/home\/milhares-de-pessoas-ja-alcancaram-gracas-impressionantes-por-confiarem-plenamente-em-maria-santissima-e-voce\/\" \/>\n<meta property=\"og:site_name\" content=\"Associa\u00e7\u00e3o Devotos de F\u00e1tima\" \/>\n<meta property=\"article:published_time\" content=\"2011-09-01T03:00:53+00:00\" \/>\n<meta property=\"og:image\" content=\"http:\/\/www.adf.org.br\/home\/wp-content\/uploads\/2011\/08\/testemunho.-medalha1.jpg\" \/>\n<meta name=\"twitter:card\" content=\"summary_large_image\" \/>\n<meta name=\"twitter:label1\" content=\"Escrito por\" \/>\n\t<meta name=\"twitter:data1\" content=\"Gabriel Barbosa\" \/>\n<script type=\"application\/ld+json\" class=\"yoast-schema-graph\">{\"@context\":\"https:\/\/schema.org\",\"@graph\":[{\"@type\":\"WebSite\",\"@id\":\"https:\/\/www.adf.org.br\/home\/#website\",\"url\":\"https:\/\/www.adf.org.br\/home\/\",\"name\":\"Associa\\u00e7\\u00e3o Devotos de F\\u00e1tima\",\"description\":\"Associa\\u00e7\\u00e3o Devotos de F\\u00e1tima\",\"potentialAction\":[{\"@type\":\"SearchAction\",\"target\":{\"@type\":\"EntryPoint\",\"urlTemplate\":\"https:\/\/www.adf.org.br\/home\/?s={search_term_string}\"},\"query-input\":\"required name=search_term_string\"}],\"inLanguage\":\"pt-BR\"},{\"@type\":\"ImageObject\",\"@id\":\"https:\/\/www.adf.org.br\/home\/milhares-de-pessoas-ja-alcancaram-gracas-impressionantes-por-confiarem-plenamente-em-maria-santissima-e-voce\/#primaryimage\",\"inLanguage\":\"pt-BR\",\"url\":\"http:\/\/www.adf.org.br\/home\/wp-content\/uploads\/2011\/08\/testemunho.-medalha1.jpg\",\"contentUrl\":\"http:\/\/www.adf.org.br\/home\/wp-content\/uploads\/2011\/08\/testemunho.-medalha1.jpg\"},{\"@type\":\"WebPage\",\"@id\":\"https:\/\/www.adf.org.br\/home\/milhares-de-pessoas-ja-alcancaram-gracas-impressionantes-por-confiarem-plenamente-em-maria-santissima-e-voce\/#webpage\",\"url\":\"https:\/\/www.adf.org.br\/home\/milhares-de-pessoas-ja-alcancaram-gracas-impressionantes-por-confiarem-plenamente-em-maria-santissima-e-voce\/\",\"name\":\"Milhares de pessoas j\\u00e1 alcan\\u00e7aram gra\\u00e7as impressionantes por confiarem plenamente em Maria Sant\\u00edssima. E voc\\u00ea? - Associa\\u00e7\\u00e3o Devotos de F\\u00e1tima\",\"isPartOf\":{\"@id\":\"https:\/\/www.adf.org.br\/home\/#website\"},\"primaryImageOfPage\":{\"@id\":\"https:\/\/www.adf.org.br\/home\/milhares-de-pessoas-ja-alcancaram-gracas-impressionantes-por-confiarem-plenamente-em-maria-santissima-e-voce\/#primaryimage\"},\"datePublished\":\"2011-09-01T03:00:53+00:00\",\"dateModified\":\"2011-09-01T03:00:53+00:00\",\"author\":{\"@id\":\"https:\/\/www.adf.org.br\/home\/#\/schema\/person\/f35a5c5aa7728a3dedf4ea9aa1fc2753\"},\"breadcrumb\":{\"@id\":\"https:\/\/www.adf.org.br\/home\/milhares-de-pessoas-ja-alcancaram-gracas-impressionantes-por-confiarem-plenamente-em-maria-santissima-e-voce\/#breadcrumb\"},\"inLanguage\":\"pt-BR\",\"potentialAction\":[{\"@type\":\"ReadAction\",\"target\":[\"https:\/\/www.adf.org.br\/home\/milhares-de-pessoas-ja-alcancaram-gracas-impressionantes-por-confiarem-plenamente-em-maria-santissima-e-voce\/\"]}]},{\"@type\":\"BreadcrumbList\",\"@id\":\"https:\/\/www.adf.org.br\/home\/milhares-de-pessoas-ja-alcancaram-gracas-impressionantes-por-confiarem-plenamente-em-maria-santissima-e-voce\/#breadcrumb\",\"itemListElement\":[{\"@type\":\"ListItem\",\"position\":1,\"name\":\"Home\",\"item\":\"https:\/\/www.adf.org.br\/home\/\"},{\"@type\":\"ListItem\",\"position\":2,\"name\":\"Milhares de pessoas j\\u00e1 alcan\\u00e7aram gra\\u00e7as impressionantes por confiarem plenamente em Maria Sant\\u00edssima. E voc\\u00ea?\"}]},{\"@type\":\"Person\",\"@id\":\"https:\/\/www.adf.org.br\/home\/#\/schema\/person\/f35a5c5aa7728a3dedf4ea9aa1fc2753\",\"name\":\"Gabriel Barbosa\",\"image\":{\"@type\":\"ImageObject\",\"@id\":\"https:\/\/www.adf.org.br\/home\/#personlogo\",\"inLanguage\":\"pt-BR\",\"url\":\"https:\/\/secure.gravatar.com\/avatar\/2b2cb2f4637682c5605e8d36818f51ef?s=96&d=mm&r=g\",\"contentUrl\":\"https:\/\/secure.gravatar.com\/avatar\/2b2cb2f4637682c5605e8d36818f51ef?s=96&d=mm&r=g\",\"caption\":\"Gabriel Barbosa\"},\"url\":\"https:\/\/www.adf.org.br\/home\/author\/gabrielpmk-com-br\/\"}]}<\/script>\n<!-- \/ Yoast SEO plugin. -->","yoast_head_json":{"title":"Milhares de pessoas j\u00e1 alcan\u00e7aram gra\u00e7as impressionantes por confiarem plenamente em Maria Sant\u00edssima. E voc\u00ea? - Associa\u00e7\u00e3o Devotos de F\u00e1tima","robots":{"index":"index","follow":"follow","max-snippet":"max-snippet:-1","max-image-preview":"max-image-preview:large","max-video-preview":"max-video-preview:-1"},"canonical":"https:\/\/www.adf.org.br\/home\/milhares-de-pessoas-ja-alcancaram-gracas-impressionantes-por-confiarem-plenamente-em-maria-santissima-e-voce\/","og_locale":"pt_BR","og_type":"article","og_title":"Milhares de pessoas j\u00e1 alcan\u00e7aram gra\u00e7as impressionantes por confiarem plenamente em Maria Sant\u00edssima. E voc\u00ea? - Associa\u00e7\u00e3o Devotos de F\u00e1tima","og_description":"Milhares de pessoas no mundo inteiro j\u00e1 receberam gra\u00e7as maravilhosas de Nossa Senhora da Medalha Milagrosa. Os volunt\u00e1rios da Associa\u00e7\u00e3o Devotos de F\u00e1tima falam diariamente com pessoas que tem testemunhos maravilhosos de gra\u00e7as alcan\u00e7adas e querem agradecer colocando o nome nas Inten\u00e7\u00f5es das Missas que o Apostolado faz celebrar. Pe\u00e7a suas ora\u00e7\u00f5es no: 0800 773 [&hellip;]","og_url":"https:\/\/www.adf.org.br\/home\/milhares-de-pessoas-ja-alcancaram-gracas-impressionantes-por-confiarem-plenamente-em-maria-santissima-e-voce\/","og_site_name":"Associa\u00e7\u00e3o Devotos de F\u00e1tima","article_published_time":"2011-09-01T03:00:53+00:00","og_image":[{"url":"http:\/\/www.adf.org.br\/home\/wp-content\/uploads\/2011\/08\/testemunho.-medalha1.jpg"}],"twitter_card":"summary_large_image","twitter_misc":{"Escrito por":"Gabriel Barbosa"},"schema":{"@context":"https:\/\/schema.org","@graph":[{"@type":"WebSite","@id":"https:\/\/www.adf.org.br\/home\/#website","url":"https:\/\/www.adf.org.br\/home\/","name":"Associa\u00e7\u00e3o Devotos de F\u00e1tima","description":"Associa\u00e7\u00e3o Devotos de F\u00e1tima","potentialAction":[{"@type":"SearchAction","target":{"@type":"EntryPoint","urlTemplate":"https:\/\/www.adf.org.br\/home\/?s={search_term_string}"},"query-input":"required name=search_term_string"}],"inLanguage":"pt-BR"},{"@type":"ImageObject","@id":"https:\/\/www.adf.org.br\/home\/milhares-de-pessoas-ja-alcancaram-gracas-impressionantes-por-confiarem-plenamente-em-maria-santissima-e-voce\/#primaryimage","inLanguage":"pt-BR","url":"http:\/\/www.adf.org.br\/home\/wp-content\/uploads\/2011\/08\/testemunho.-medalha1.jpg","contentUrl":"http:\/\/www.adf.org.br\/home\/wp-content\/uploads\/2011\/08\/testemunho.-medalha1.jpg"},{"@type":"WebPage","@id":"https:\/\/www.adf.org.br\/home\/milhares-de-pessoas-ja-alcancaram-gracas-impressionantes-por-confiarem-plenamente-em-maria-santissima-e-voce\/#webpage","url":"https:\/\/www.adf.org.br\/home\/milhares-de-pessoas-ja-alcancaram-gracas-impressionantes-por-confiarem-plenamente-em-maria-santissima-e-voce\/","name":"Milhares de pessoas j\u00e1 alcan\u00e7aram gra\u00e7as impressionantes por confiarem plenamente em Maria Sant\u00edssima. E voc\u00ea? - Associa\u00e7\u00e3o Devotos de F\u00e1tima","isPartOf":{"@id":"https:\/\/www.adf.org.br\/home\/#website"},"primaryImageOfPage":{"@id":"https:\/\/www.adf.org.br\/home\/milhares-de-pessoas-ja-alcancaram-gracas-impressionantes-por-confiarem-plenamente-em-maria-santissima-e-voce\/#primaryimage"},"datePublished":"2011-09-01T03:00:53+00:00","dateModified":"2011-09-01T03:00:53+00:00","author":{"@id":"https:\/\/www.adf.org.br\/home\/#\/schema\/person\/f35a5c5aa7728a3dedf4ea9aa1fc2753"},"breadcrumb":{"@id":"https:\/\/www.adf.org.br\/home\/milhares-de-pessoas-ja-alcancaram-gracas-impressionantes-por-confiarem-plenamente-em-maria-santissima-e-voce\/#breadcrumb"},"inLanguage":"pt-BR","potentialAction":[{"@type":"ReadAction","target":["https:\/\/www.adf.org.br\/home\/milhares-de-pessoas-ja-alcancaram-gracas-impressionantes-por-confiarem-plenamente-em-maria-santissima-e-voce\/"]}]},{"@type":"BreadcrumbList","@id":"https:\/\/www.adf.org.br\/home\/milhares-de-pessoas-ja-alcancaram-gracas-impressionantes-por-confiarem-plenamente-em-maria-santissima-e-voce\/#breadcrumb","itemListElement":[{"@type":"ListItem","position":1,"name":"Home","item":"https:\/\/www.adf.org.br\/home\/"},{"@type":"ListItem","position":2,"name":"Milhares de pessoas j\u00e1 alcan\u00e7aram gra\u00e7as impressionantes por confiarem plenamente em Maria Sant\u00edssima. E voc\u00ea?"}]},{"@type":"Person","@id":"https:\/\/www.adf.org.br\/home\/#\/schema\/person\/f35a5c5aa7728a3dedf4ea9aa1fc2753","name":"Gabriel Barbosa","image":{"@type":"ImageObject","@id":"https:\/\/www.adf.org.br\/home\/#personlogo","inLanguage":"pt-BR","url":"https:\/\/secure.gravatar.com\/avatar\/2b2cb2f4637682c5605e8d36818f51ef?s=96&d=mm&r=g","contentUrl":"https:\/\/secure.gravatar.com\/avatar\/2b2cb2f4637682c5605e8d36818f51ef?s=96&d=mm&r=g","caption":"Gabriel Barbosa"},"url":"https:\/\/www.adf.org.br\/home\/author\/gabrielpmk-com-br\/"}]}},"_links":{"self":[{"href":"https:\/\/www.adf.org.br\/home\/wp-json\/wp\/v2\/posts\/10352"}],"collection":[{"href":"https:\/\/www.adf.org.br\/home\/wp-json\/wp\/v2\/posts"}],"about":[{"href":"https:\/\/www.adf.org.br\/home\/wp-json\/wp\/v2\/types\/post"}],"author":[{"embeddable":true,"href":"https:\/\/www.adf.org.br\/home\/wp-json\/wp\/v2\/users\/31"}],"replies":[{"embeddable":true,"href":"https:\/\/www.adf.org.br\/home\/wp-json\/wp\/v2\/comments?post=10352"}],"version-history":[{"count":0,"href":"https:\/\/www.adf.org.br\/home\/wp-json\/wp\/v2\/posts\/10352\/revisions"}],"wp:attachment":[{"href":"https:\/\/www.adf.org.br\/home\/wp-json\/wp\/v2\/media?parent=10352"}],"wp:term":[{"taxonomy":"category","embeddable":true,"href":"https:\/\/www.adf.org.br\/home\/wp-json\/wp\/v2\/categories?post=10352"},{"taxonomy":"post_tag","embeddable":true,"href":"https:\/\/www.adf.org.br\/home\/wp-json\/wp\/v2\/tags?post=10352"}],"curies":[{"name":"wp","href":"https:\/\/api.w.org\/{rel}","templated":true}]}}