{"id":1,"date":"2020-03-04T11:07:35","date_gmt":"2020-03-04T14:07:35","guid":{"rendered":"http:\/\/adf.org.br\/home\/?p=1"},"modified":"2020-03-25T09:21:13","modified_gmt":"2020-03-25T12:21:13","slug":"missa-de-nossa-senhora-de-lourdes-pela-protecao-e-cura-da-saude","status":"publish","type":"post","link":"https:\/\/www.adf.org.br\/home\/missa-de-nossa-senhora-de-lourdes-pela-protecao-e-cura-da-saude\/","title":{"rendered":"Missa de Nossa Senhora de Lourdes pela Prote\u00e7\u00e3o e Cura da Sa\u00fade"},"content":{"rendered":"\r\n<p>Diabetes, alzheimer, hipertens\u00e3o, c\u00e2ncer, depress\u00e3o, dengue, febre amarela, sarampo e agora\u2026coronav\u00edrus.<\/p>\r\n<p>Com exce\u00e7\u00e3o do Covid-19 (coronav\u00edrus), essas s\u00e3o apenas algumas doen\u00e7as das quais levam \u00e0 morte milhares de brasileiros todos os anos.<\/p>\r\n<p>Apesar do n\u00famero relativamente baixo de infectados em nosso pa\u00eds, a epidemia do coronav\u00edrus j\u00e1 vitimou mais de\u00a0<strong>3.000 pessoas<\/strong>\u00a0no mundo. E isso \u00e9 assustador!\u00a0\u00a0<\/p>\r\n<p>Sabemos que \u00e9 preciso ter cuidado, mas\u00a0<b>pedir o aux\u00edlio de Nossa Senhora<\/b>, com toda nossa<b>\u00a0F\u00e9<\/b>, para que nos proteja e a nossa fam\u00edlia nunca \u00e9 demais!\u00a0\u00a0<\/p>\r\n<h3><b>Missa de Nossa Senhora de Lourdes<\/b><\/h3>\r\n<p>Pela Prote\u00e7\u00e3o e Cura da Sa\u00fade<\/p>\r\n<p><a href=\"tel:08006082128\"><img loading=\"lazy\" class=\"alignnone wp-image-57878 size-full\" src=\"https:\/\/www.adf.org.br\/home\/wp-content\/uploads\/2020\/03\/ADF-Missa-de-Nossa-Senhora-de-Lourdes.jpg\" sizes=\"(max-width: 600px) 100vw, 600px\" srcset=\"https:\/\/www.adf.org.br\/home\/wp-content\/uploads\/2020\/03\/ADF-Missa-de-Nossa-Senhora-de-Lourdes.jpg 600w, https:\/\/www.adf.org.br\/home\/wp-content\/uploads\/2020\/03\/ADF-Missa-de-Nossa-Senhora-de-Lourdes-300x173.jpg 300w, https:\/\/www.adf.org.br\/home\/wp-content\/uploads\/2020\/03\/ADF-Missa-de-Nossa-Senhora-de-Lourdes-347x200.jpg 347w\" alt=\"\" width=\"600\" height=\"346\" \/><\/a><\/p>\r\n<p>Coloque suas inten\u00e7\u00f5es na Missa que faremos celebrar em honra \u00e0 Padroeira da Sa\u00fade.\u00a0<\/p>\r\n<p><strong>Ligue para a Central de Preces:<\/strong><\/p>\r\n<p><strong><a href=\"tel:08006082128\" rel=\"noopener noreferrer\">0800 608 2128<\/a><br \/><\/strong><b><i>Dica:\u00a0<\/i><\/b><i>Se estiver no celular, somente tecle no n\u00famero para discar automaticamente.<\/i><\/p>\r\n<p>E registre seu nome e pedidos de ora\u00e7\u00e3o na Celebra\u00e7\u00e3o do pr\u00f3ximo s\u00e1bado.<\/p>\r\n<blockquote>\r\n<p>Voc\u00ea n\u00e3o precisa pagar nada.<\/p>\r\n<p><b>Hor\u00e1rio de Atendimento:\u00a0<\/b>De segunda a sexta-feira, das 08h \u00e0s 18h.<\/p>\r\n<\/blockquote>\r\n<p>Se preferir,\u00a0<a href=\"https:\/\/adf.org.br\/velario\/lourdes?origem=13493\" target=\"_blank\" rel=\"noopener noreferrer\"><strong>acesse aqui<\/strong><\/a>\u00a0para incluir, tamb\u00e9m\u00a0<strong>gratuitamente<\/strong>, suas preces.\u00a0<\/p>\r\n<p><i>\u201c\u2026que nunca se ouviu dizer que tenha algu\u00e9m recorrido \u00e0 vossa prote\u00e7\u00e3o, implorado a vossa assist\u00eancia, reclamado o vosso socorro, fosse por V\u00f3s desamparado. Animado eu, pois, com igual confian\u00e7a.\u201d<\/i><\/p>\r\n<p><b>\u2013 S\u00e3o Bernardo \u2013\u00a0<\/b><\/p>\r\n<p>Seja para pedir uma\u00a0<strong>cura f\u00edsica<\/strong>,\u00a0<strong>espiritual\u00a0<\/strong>ou para obter aquela gra\u00e7a que voc\u00ea precisa\u2026\u00a0<\/p>\r\n<p>Rogue \u00e0 intercess\u00e3o de\u00a0<a href=\"https:\/\/adf.org.br\/velario\/lourdes?origem=13493\" target=\"_blank\" rel=\"noopener noreferrer\">Nossa Senhora de Lourdes<\/a>.\u00a0<\/p>\r\n<p><strong>ELA est\u00e1 esperando pelos seus pedidos.\u00a0<\/strong><\/p>\r\n<p><strong><em>\u201cSant\u00edssima Virgem de Lourdes, rogai por n\u00f3s.\u201d<\/em><\/strong>\u00a0\ud83d\ude4f\u2764\ufe0f<\/p>\r\n<hr \/>\r\n<p><a href=\"https:\/\/adf.org.br\/apostolosdacura?origem=13493#presentes\" target=\"_blank\" rel=\"noopener noreferrer\"><img loading=\"lazy\" class=\"alignnone wp-image-57889 size-full\" src=\"https:\/\/www.adf.org.br\/home\/wp-content\/uploads\/2020\/03\/3-Lourdes-min.png\" sizes=\"(max-width: 600px) 100vw, 600px\" srcset=\"https:\/\/www.adf.org.br\/home\/wp-content\/uploads\/2020\/03\/3-Lourdes-min.png 600w, https:\/\/www.adf.org.br\/home\/wp-content\/uploads\/2020\/03\/3-Lourdes-min-300x100.png 300w\" alt=\"\" width=\"600\" height=\"200\" \/><\/a><\/p>\r\n","protected":false},"excerpt":{"rendered":"<p>Diabetes, alzheimer, hipertens\u00e3o, c\u00e2ncer, depress\u00e3o, dengue, febre amarela, sarampo e agora\u2026coronav\u00edrus. Com exce\u00e7\u00e3o do Covid-19 (coronav\u00edrus), essas s\u00e3o apenas algumas doen\u00e7as das quais levam \u00e0 morte milhares de brasileiros todos os anos. Apesar do n\u00famero relativamente baixo de infectados em nosso pa\u00eds, a epidemia do coronav\u00edrus j\u00e1 vitimou mais de\u00a03.000 pessoas\u00a0no mundo. E isso \u00e9 [&hellip;]<\/p>\n","protected":false},"author":1,"featured_media":35,"comment_status":"open","ping_status":"open","sticky":false,"template":"","format":"standard","meta":[],"categories":[8],"tags":[],"yoast_head":"<!-- This site is optimized with the Yoast SEO plugin v17.4 - https:\/\/yoast.com\/wordpress\/plugins\/seo\/ -->\n<title>Missa de Nossa Senhora de Lourdes pela Prote\u00e7\u00e3o e Cura da Sa\u00fade - Associa\u00e7\u00e3o Devotos de F\u00e1tima<\/title>\n<meta name=\"robots\" content=\"index, follow, max-snippet:-1, max-image-preview:large, max-video-preview:-1\" \/>\n<link rel=\"canonical\" href=\"https:\/\/www.adf.org.br\/home\/missa-de-nossa-senhora-de-lourdes-pela-protecao-e-cura-da-saude\/\" \/>\n<meta property=\"og:locale\" content=\"pt_BR\" \/>\n<meta property=\"og:type\" content=\"article\" \/>\n<meta property=\"og:title\" content=\"Missa de Nossa Senhora de Lourdes pela Prote\u00e7\u00e3o e Cura da Sa\u00fade - Associa\u00e7\u00e3o Devotos de F\u00e1tima\" \/>\n<meta property=\"og:description\" content=\"Diabetes, alzheimer, hipertens\u00e3o, c\u00e2ncer, depress\u00e3o, dengue, febre amarela, sarampo e agora\u2026coronav\u00edrus. Com exce\u00e7\u00e3o do Covid-19 (coronav\u00edrus), essas s\u00e3o apenas algumas doen\u00e7as das quais levam \u00e0 morte milhares de brasileiros todos os anos. Apesar do n\u00famero relativamente baixo de infectados em nosso pa\u00eds, a epidemia do coronav\u00edrus j\u00e1 vitimou mais de\u00a03.000 pessoas\u00a0no mundo. E isso \u00e9 [&hellip;]\" \/>\n<meta property=\"og:url\" content=\"https:\/\/www.adf.org.br\/home\/missa-de-nossa-senhora-de-lourdes-pela-protecao-e-cura-da-saude\/\" \/>\n<meta property=\"og:site_name\" content=\"Associa\u00e7\u00e3o Devotos de F\u00e1tima\" \/>\n<meta property=\"article:published_time\" content=\"2020-03-04T14:07:35+00:00\" \/>\n<meta property=\"article:modified_time\" content=\"2020-03-25T12:21:13+00:00\" \/>\n<meta property=\"og:image\" content=\"https:\/\/www.adf.org.br\/home\/wp-content\/uploads\/2020\/03\/ADF-Missa-de-Nossa-Senhora-de-Lourdes.jpg\" \/>\n\t<meta property=\"og:image:width\" content=\"600\" \/>\n\t<meta property=\"og:image:height\" content=\"346\" \/>\n<meta name=\"twitter:card\" content=\"summary_large_image\" \/>\n<meta name=\"twitter:label1\" content=\"Escrito por\" \/>\n\t<meta name=\"twitter:data1\" content=\"ti@pmk.com.br\" \/>\n\t<meta name=\"twitter:label2\" content=\"Est. tempo de leitura\" \/>\n\t<meta name=\"twitter:data2\" content=\"1 minuto\" \/>\n<script type=\"application\/ld+json\" class=\"yoast-schema-graph\">{\"@context\":\"https:\/\/schema.org\",\"@graph\":[{\"@type\":\"WebSite\",\"@id\":\"https:\/\/www.adf.org.br\/home\/#website\",\"url\":\"https:\/\/www.adf.org.br\/home\/\",\"name\":\"Associa\\u00e7\\u00e3o Devotos de F\\u00e1tima\",\"description\":\"Associa\\u00e7\\u00e3o Devotos de F\\u00e1tima\",\"potentialAction\":[{\"@type\":\"SearchAction\",\"target\":{\"@type\":\"EntryPoint\",\"urlTemplate\":\"https:\/\/www.adf.org.br\/home\/?s={search_term_string}\"},\"query-input\":\"required name=search_term_string\"}],\"inLanguage\":\"pt-BR\"},{\"@type\":\"ImageObject\",\"@id\":\"https:\/\/www.adf.org.br\/home\/missa-de-nossa-senhora-de-lourdes-pela-protecao-e-cura-da-saude\/#primaryimage\",\"inLanguage\":\"pt-BR\",\"url\":\"https:\/\/www.adf.org.br\/home\/wp-content\/uploads\/2020\/03\/ADF-Missa-de-Nossa-Senhora-de-Lourdes.jpg\",\"contentUrl\":\"https:\/\/www.adf.org.br\/home\/wp-content\/uploads\/2020\/03\/ADF-Missa-de-Nossa-Senhora-de-Lourdes.jpg\",\"width\":600,\"height\":346},{\"@type\":\"WebPage\",\"@id\":\"https:\/\/www.adf.org.br\/home\/missa-de-nossa-senhora-de-lourdes-pela-protecao-e-cura-da-saude\/#webpage\",\"url\":\"https:\/\/www.adf.org.br\/home\/missa-de-nossa-senhora-de-lourdes-pela-protecao-e-cura-da-saude\/\",\"name\":\"Missa de Nossa Senhora de Lourdes pela Prote\\u00e7\\u00e3o e Cura da Sa\\u00fade - Associa\\u00e7\\u00e3o Devotos de F\\u00e1tima\",\"isPartOf\":{\"@id\":\"https:\/\/www.adf.org.br\/home\/#website\"},\"primaryImageOfPage\":{\"@id\":\"https:\/\/www.adf.org.br\/home\/missa-de-nossa-senhora-de-lourdes-pela-protecao-e-cura-da-saude\/#primaryimage\"},\"datePublished\":\"2020-03-04T14:07:35+00:00\",\"dateModified\":\"2020-03-25T12:21:13+00:00\",\"author\":{\"@id\":\"https:\/\/www.adf.org.br\/home\/#\/schema\/person\/e2b618cdde5c983802c6955247e4df95\"},\"breadcrumb\":{\"@id\":\"https:\/\/www.adf.org.br\/home\/missa-de-nossa-senhora-de-lourdes-pela-protecao-e-cura-da-saude\/#breadcrumb\"},\"inLanguage\":\"pt-BR\",\"potentialAction\":[{\"@type\":\"ReadAction\",\"target\":[\"https:\/\/www.adf.org.br\/home\/missa-de-nossa-senhora-de-lourdes-pela-protecao-e-cura-da-saude\/\"]}]},{\"@type\":\"BreadcrumbList\",\"@id\":\"https:\/\/www.adf.org.br\/home\/missa-de-nossa-senhora-de-lourdes-pela-protecao-e-cura-da-saude\/#breadcrumb\",\"itemListElement\":[{\"@type\":\"ListItem\",\"position\":1,\"name\":\"Home\",\"item\":\"https:\/\/www.adf.org.br\/home\/\"},{\"@type\":\"ListItem\",\"position\":2,\"name\":\"Missa de Nossa Senhora de Lourdes pela Prote\\u00e7\\u00e3o e Cura da Sa\\u00fade\"}]},{\"@type\":\"Person\",\"@id\":\"https:\/\/www.adf.org.br\/home\/#\/schema\/person\/e2b618cdde5c983802c6955247e4df95\",\"name\":\"ti@pmk.com.br\",\"image\":{\"@type\":\"ImageObject\",\"@id\":\"https:\/\/www.adf.org.br\/home\/#personlogo\",\"inLanguage\":\"pt-BR\",\"url\":\"https:\/\/secure.gravatar.com\/avatar\/2f4d3b4697b7c5df630d1489d9c80573?s=96&d=mm&r=g\",\"contentUrl\":\"https:\/\/secure.gravatar.com\/avatar\/2f4d3b4697b7c5df630d1489d9c80573?s=96&d=mm&r=g\",\"caption\":\"ti@pmk.com.br\"},\"url\":\"https:\/\/www.adf.org.br\/home\/author\/tipmk-com-br\/\"}]}<\/script>\n<!-- \/ Yoast SEO plugin. -->","yoast_head_json":{"title":"Missa de Nossa Senhora de Lourdes pela Prote\u00e7\u00e3o e Cura da Sa\u00fade - Associa\u00e7\u00e3o Devotos de F\u00e1tima","robots":{"index":"index","follow":"follow","max-snippet":"max-snippet:-1","max-image-preview":"max-image-preview:large","max-video-preview":"max-video-preview:-1"},"canonical":"https:\/\/www.adf.org.br\/home\/missa-de-nossa-senhora-de-lourdes-pela-protecao-e-cura-da-saude\/","og_locale":"pt_BR","og_type":"article","og_title":"Missa de Nossa Senhora de Lourdes pela Prote\u00e7\u00e3o e Cura da Sa\u00fade - Associa\u00e7\u00e3o Devotos de F\u00e1tima","og_description":"Diabetes, alzheimer, hipertens\u00e3o, c\u00e2ncer, depress\u00e3o, dengue, febre amarela, sarampo e agora\u2026coronav\u00edrus. Com exce\u00e7\u00e3o do Covid-19 (coronav\u00edrus), essas s\u00e3o apenas algumas doen\u00e7as das quais levam \u00e0 morte milhares de brasileiros todos os anos. Apesar do n\u00famero relativamente baixo de infectados em nosso pa\u00eds, a epidemia do coronav\u00edrus j\u00e1 vitimou mais de\u00a03.000 pessoas\u00a0no mundo. E isso \u00e9 [&hellip;]","og_url":"https:\/\/www.adf.org.br\/home\/missa-de-nossa-senhora-de-lourdes-pela-protecao-e-cura-da-saude\/","og_site_name":"Associa\u00e7\u00e3o Devotos de F\u00e1tima","article_published_time":"2020-03-04T14:07:35+00:00","article_modified_time":"2020-03-25T12:21:13+00:00","og_image":[{"width":600,"height":346,"url":"https:\/\/www.adf.org.br\/home\/wp-content\/uploads\/2020\/03\/ADF-Missa-de-Nossa-Senhora-de-Lourdes.jpg","type":"image\/jpeg"}],"twitter_card":"summary_large_image","twitter_misc":{"Escrito por":"ti@pmk.com.br","Est. tempo de leitura":"1 minuto"},"schema":{"@context":"https:\/\/schema.org","@graph":[{"@type":"WebSite","@id":"https:\/\/www.adf.org.br\/home\/#website","url":"https:\/\/www.adf.org.br\/home\/","name":"Associa\u00e7\u00e3o Devotos de F\u00e1tima","description":"Associa\u00e7\u00e3o Devotos de F\u00e1tima","potentialAction":[{"@type":"SearchAction","target":{"@type":"EntryPoint","urlTemplate":"https:\/\/www.adf.org.br\/home\/?s={search_term_string}"},"query-input":"required name=search_term_string"}],"inLanguage":"pt-BR"},{"@type":"ImageObject","@id":"https:\/\/www.adf.org.br\/home\/missa-de-nossa-senhora-de-lourdes-pela-protecao-e-cura-da-saude\/#primaryimage","inLanguage":"pt-BR","url":"https:\/\/www.adf.org.br\/home\/wp-content\/uploads\/2020\/03\/ADF-Missa-de-Nossa-Senhora-de-Lourdes.jpg","contentUrl":"https:\/\/www.adf.org.br\/home\/wp-content\/uploads\/2020\/03\/ADF-Missa-de-Nossa-Senhora-de-Lourdes.jpg","width":600,"height":346},{"@type":"WebPage","@id":"https:\/\/www.adf.org.br\/home\/missa-de-nossa-senhora-de-lourdes-pela-protecao-e-cura-da-saude\/#webpage","url":"https:\/\/www.adf.org.br\/home\/missa-de-nossa-senhora-de-lourdes-pela-protecao-e-cura-da-saude\/","name":"Missa de Nossa Senhora de Lourdes pela Prote\u00e7\u00e3o e Cura da Sa\u00fade - Associa\u00e7\u00e3o Devotos de F\u00e1tima","isPartOf":{"@id":"https:\/\/www.adf.org.br\/home\/#website"},"primaryImageOfPage":{"@id":"https:\/\/www.adf.org.br\/home\/missa-de-nossa-senhora-de-lourdes-pela-protecao-e-cura-da-saude\/#primaryimage"},"datePublished":"2020-03-04T14:07:35+00:00","dateModified":"2020-03-25T12:21:13+00:00","author":{"@id":"https:\/\/www.adf.org.br\/home\/#\/schema\/person\/e2b618cdde5c983802c6955247e4df95"},"breadcrumb":{"@id":"https:\/\/www.adf.org.br\/home\/missa-de-nossa-senhora-de-lourdes-pela-protecao-e-cura-da-saude\/#breadcrumb"},"inLanguage":"pt-BR","potentialAction":[{"@type":"ReadAction","target":["https:\/\/www.adf.org.br\/home\/missa-de-nossa-senhora-de-lourdes-pela-protecao-e-cura-da-saude\/"]}]},{"@type":"BreadcrumbList","@id":"https:\/\/www.adf.org.br\/home\/missa-de-nossa-senhora-de-lourdes-pela-protecao-e-cura-da-saude\/#breadcrumb","itemListElement":[{"@type":"ListItem","position":1,"name":"Home","item":"https:\/\/www.adf.org.br\/home\/"},{"@type":"ListItem","position":2,"name":"Missa de Nossa Senhora de Lourdes pela Prote\u00e7\u00e3o e Cura da Sa\u00fade"}]},{"@type":"Person","@id":"https:\/\/www.adf.org.br\/home\/#\/schema\/person\/e2b618cdde5c983802c6955247e4df95","name":"ti@pmk.com.br","image":{"@type":"ImageObject","@id":"https:\/\/www.adf.org.br\/home\/#personlogo","inLanguage":"pt-BR","url":"https:\/\/secure.gravatar.com\/avatar\/2f4d3b4697b7c5df630d1489d9c80573?s=96&d=mm&r=g","contentUrl":"https:\/\/secure.gravatar.com\/avatar\/2f4d3b4697b7c5df630d1489d9c80573?s=96&d=mm&r=g","caption":"ti@pmk.com.br"},"url":"https:\/\/www.adf.org.br\/home\/author\/tipmk-com-br\/"}]}},"_links":{"self":[{"href":"https:\/\/www.adf.org.br\/home\/wp-json\/wp\/v2\/posts\/1"}],"collection":[{"href":"https:\/\/www.adf.org.br\/home\/wp-json\/wp\/v2\/posts"}],"about":[{"href":"https:\/\/www.adf.org.br\/home\/wp-json\/wp\/v2\/types\/post"}],"author":[{"embeddable":true,"href":"https:\/\/www.adf.org.br\/home\/wp-json\/wp\/v2\/users\/1"}],"replies":[{"embeddable":true,"href":"https:\/\/www.adf.org.br\/home\/wp-json\/wp\/v2\/comments?post=1"}],"version-history":[{"count":2,"href":"https:\/\/www.adf.org.br\/home\/wp-json\/wp\/v2\/posts\/1\/revisions"}],"predecessor-version":[{"id":36,"href":"https:\/\/www.adf.org.br\/home\/wp-json\/wp\/v2\/posts\/1\/revisions\/36"}],"wp:featuredmedia":[{"embeddable":true,"href":"https:\/\/www.adf.org.br\/home\/wp-json\/wp\/v2\/media\/35"}],"wp:attachment":[{"href":"https:\/\/www.adf.org.br\/home\/wp-json\/wp\/v2\/media?parent=1"}],"wp:term":[{"taxonomy":"category","embeddable":true,"href":"https:\/\/www.adf.org.br\/home\/wp-json\/wp\/v2\/categories?post=1"},{"taxonomy":"post_tag","embeddable":true,"href":"https:\/\/www.adf.org.br\/home\/wp-json\/wp\/v2\/tags?post=1"}],"curies":[{"name":"wp","href":"https:\/\/api.w.org\/{rel}","templated":true}]}}